{"521445":{"titulo":"S\u00e9rie B: Luverdense viaja para S\u00e3o Lu\u00eds com mudan\u00e7as nas laterais","link":"https:\/\/www.futebolinterior.com.br\/serie-b-luverdense-viaja-para-sao-luis-com-mudancas-nas-laterais\/","chapeu":"QUEM SAI","data":"07\/10\/2016","imagem":"https:\/\/images.futebolinterior.com.br\/2021\/04\/0002050200660_img-300x200.jpg","resumo":"O Luverdense realizou o \u00faltimo treinamento no Mato Grosso visando o jogo contra o Sampaio Corr\u00eaa, neste s\u00e1bado, \u00e0s 16 horas, no est\u00e1dio Castel\u00e3o, em S\u00e3o Lu\u00eds"},"520743":{"titulo":"S\u00e9rie B: Pimentinha volta a treinar e Sampaio Corr\u00eaa ter\u00e1 mudan\u00e7as","link":"https:\/\/www.futebolinterior.com.br\/serie-b-pimentinha-volta-a-treinar-e-sampaio-correa-tera-mudancas\/","chapeu":"CALMA L\u00c1","data":"07\/10\/2016","imagem":"https:\/\/images.futebolinterior.com.br\/2021\/04\/0002050200654_img-300x225.jpg","resumo":"Na briga contra o rebaixamento, o Sampaio Corr\u00eaa far\u00e1 seus dois pr\u00f3ximos jogos da S\u00e9rie B do Campeonato Brasileiro no Castel\u00e3o, em S\u00e3o Lu\u00eds "},"520465":{"titulo":"S\u00e9rie B: Atl\u00e9tico-GO perde zagueiro, mas Jorginho retorna no meio campo","link":"https:\/\/www.futebolinterior.com.br\/serie-b-atletico-go-perde-zagueiro-mas-jorginho-retorna-no-meio-campo\/","chapeu":"MUDAN\u00c7AS","data":"07\/10\/2016","imagem":"https:\/\/images.futebolinterior.com.br\/2021\/04\/0002050200653_img-300x199.jpg","resumo":"Ap\u00f3s a chegada em Goi\u00e2nia, o Atl\u00e9tico-GO se reapresentou na tarde desta quinta-feira. O elenco j\u00e1 est\u00e1 100% focado no duelo contra o Ava\u00ed"},"520474":{"titulo":"S\u00e9rie B: Com baixas no meio campo, Cear\u00e1 embarca para S\u00e3o Paulo","link":"https:\/\/www.futebolinterior.com.br\/serie-b-com-baixas-no-meio-campo-ceara-embarca-para-sao-paulo\/","chapeu":"EM VIAGEM","data":"07\/10\/2016","imagem":"https:\/\/images.futebolinterior.com.br\/2021\/04\/0002050200647_img-300x200.jpg","resumo":"O Cear\u00e1 finalmente encerrou a sequencia de 11 jogos sem vencer e ainda assim n\u00e3o est\u00e1 contente com o desempenho na S\u00e9rie B do Campeonato Brasileiro"},"520405":{"titulo":"S\u00e9rie B: Em Manaus, Londrina aposta no sistema defensivo para bater o Vasco","link":"https:\/\/www.futebolinterior.com.br\/serie-b-em-manaus-londrina-aposta-no-sistema-defensivo-para-bater-o-vasco\/","chapeu":"L\u00c1 ATR\u00c1S","data":"07\/10\/2016","imagem":"https:\/\/images.futebolinterior.com.br\/2021\/04\/0002050200640_img-300x200.jpg","resumo":"O Londrina tem o sistema defensivo menos vazado da S\u00e9rie B do Campeonato Brasileiro ap\u00f3s 29\u00aa rodadas da competi\u00e7\u00e3o"},"520448":{"titulo":"N\u00e1utico x Brasil de Pelotas - \"Super Giva\" vai colocar Timbu no G4?","link":"https:\/\/www.futebolinterior.com.br\/nautico-x-brasil-de-pelotas-super-giva-vai-colocar-timbu-no-g4\/","chapeu":"JOGO DURO","data":"07\/10\/2016","imagem":"https:\/\/images.futebolinterior.com.br\/2021\/04\/0002050200606_img-300x225.jpg","resumo":"Invicto desde que Givanildo Oliveira assumiu o cargo, o time pernambucano tem um confronto direto nesta sexta"},"520687":{"titulo":"Goi\u00e1s x Bragantino - Foco agora \u00e9 escapar do rebaixamento!","link":"https:\/\/www.futebolinterior.com.br\/goias-x-bragantino-foco-agora-e-escapar-do-rebaixamento\/","chapeu":"FAZER O QU\u00ca","data":"07\/10\/2016","imagem":"https:\/\/images.futebolinterior.com.br\/2021\/04\/0002050200605_img-300x219.jpg","resumo":"Separados por dez pontos, os dois times t\u00eam os mesmos objetivos na reta final da S\u00e9rie B"},"520707":{"titulo":"S\u00e9rie B: Torcida do Paran\u00e1 planeja protestos para jogo na Vila Capanema","link":"https:\/\/www.futebolinterior.com.br\/serie-b-torcida-do-parana-planeja-protestos-para-jogo-na-vila-capanema\/","chapeu":"NA BRONCA","data":"06\/10\/2016","imagem":"https:\/\/images.futebolinterior.com.br\/2021\/04\/0002050200581_img-300x169.jpg","resumo":"Faixas est\u00e3o sendo produzidas por tricolores, irritados com as cinco derrotas seguidas"},"520500":{"titulo":"S\u00e9rie B: Diego Sacoman e Watson desfalcam Bragantino em Goi\u00e2nia","link":"https:\/\/www.futebolinterior.com.br\/serie-b-diego-sacoman-e-watson-desfalcam-bragantino-em-goiania\/","chapeu":"BAIXAS","data":"06\/10\/2016","imagem":"https:\/\/images.futebolinterior.com.br\/2021\/04\/0002050200571_img-300x231.jpg","resumo":"Os dois jogadores receberam o terceiro cart\u00e3o amarelo contra o N\u00e1utico"},"520738":{"titulo":"S\u00e9rie B: Adson Batista elogia elenco do Atl\u00e9tico-GO: \"est\u00e1 no caminho certo\"","link":"https:\/\/www.futebolinterior.com.br\/serie-b-adson-batista-elogia-elenco-do-atletico-go-esta-no-caminho-certo\/","chapeu":"\u00c9 CLARO","data":"06\/10\/2016","imagem":"https:\/\/images.futebolinterior.com.br\/2021\/04\/0002050200563_img-300x230.jpg","resumo":"O Drag\u00e3o deixou o Vasco para tr\u00e1s na \u00faltima rodada e \u00e9 o l\u00edder isolado do campeonato"}}