{"547344":{"titulo":"S\u00e9rie B: Em busca de camisa 9, Goi\u00e1s sonha com retorno de Walter","link":"https:\/\/www.futebolinterior.com.br\/serie-b-em-busca-de-camisa-9-goias-sonha-com-retorno-de-walter\/","chapeu":"SER\u00c1?","data":"01\/07\/2016","imagem":"https:\/\/images.futebolinterior.com.br\/2021\/04\/0002050176786_img-300x189.jpg","resumo":"Atl\u00e9tico-PR, por\u00e9m, faz jogo duro na contrata\u00e7\u00e3o do atacante"},"546789":{"titulo":"S\u00e9rie B: \"Sem\" treinador, CRB aposta na for\u00e7a da torcida para seguir no G4","link":"https:\/\/www.futebolinterior.com.br\/serie-b-sem-treinador-crb-aposta-na-forca-da-torcida-para-seguir-no-g4\/","chapeu":"PARA COMPENSAR","data":"01\/07\/2016","imagem":"https:\/\/images.futebolinterior.com.br\/2021\/04\/0002050176775_img-300x225.jpg","resumo":"Expulso contra o Joinville, Mazola J\u00fanior n\u00e3o vai ficar no banco de reservas neste s\u00e1bado"},"546806":{"titulo":"Ava\u00ed x Vasco - Gigante quer continuar subindo a colina da S\u00e9rie B","link":"https:\/\/www.futebolinterior.com.br\/avai-x-vasco-gigante-quer-continuar-subindo-a-colina-da-serie-b\/","chapeu":"PRA CIMA","data":"01\/07\/2016","imagem":"https:\/\/images.futebolinterior.com.br\/2021\/04\/0002050176773_img-300x200.jpg","resumo":"L\u00edder do Campeonato Brasileiro da S\u00e9rie B, o Vasco enfrenta o Ava\u00ed neste s\u00e1bado, \u00e0s 16h30, na Ressacada, pela 14\u00aa rodada"},"547367":{"titulo":"Falta de laudos impede p\u00fablicos maiores do que 10 mil pessoas na Arena Pantanal","link":"https:\/\/www.futebolinterior.com.br\/falta-de-laudos-impede-publicos-maiores-do-que-10-mil-pessoas-na-arena-pantanal\/","chapeu":"PROBLEMAS!","data":"01\/07\/2016","imagem":"https:\/\/images.futebolinterior.com.br\/2021\/04\/0002050176772_img-300x169.jpg","resumo":" Arena Pantanal foi constru\u00edda para a Copa do Mundo de 2014 e foi prometido que ela n\u00e3o se tornaria um elefante branco. "},"548477":{"titulo":"Bragantino x Paran\u00e1 - Se depender de Veiga, Massa Bruta n\u00e3o perde mais","link":"https:\/\/www.futebolinterior.com.br\/bragantino-x-parana-se-depender-de-veiga-massa-bruta-nao-perde-mais\/","chapeu":"FIRME","data":"01\/07\/2016","imagem":"https:\/\/images.futebolinterior.com.br\/2021\/04\/0002050176767_img-300x200.jpg","resumo":"Na briga para deixar a zona de rebaixamento, o Bragantino entra em campo neste s\u00e1bado pela 14\u00aa rodada do Campeonato Brasileiro da S\u00e9rie B"},"547337":{"titulo":"S\u00c9RIE B: S\u00e1bado tem G4 em campo e Vasco podendo se isolar na lideran\u00e7a","link":"https:\/\/www.futebolinterior.com.br\/serie-b-sabado-tem-g4-em-campo-e-vasco-podendo-se-isolar-na-lideranca\/","chapeu":"BONITO","data":"01\/07\/2016","imagem":"https:\/\/images.futebolinterior.com.br\/2021\/04\/0002050176863_img-300x200.jpg","resumo":"A tarde deste s\u00e1bado prometo agitar mais uma vez a briga pelo acesso na S\u00e9rie B do Campeonato Brasileiro, com mais confrontos diretos"},"547322":{"titulo":"S\u00e9rie B: Ainda longe de casa, Brasil de Pelotas tem refor\u00e7os contra Joinville","link":"https:\/\/www.futebolinterior.com.br\/serie-b-ainda-longe-de-casa-brasil-de-pelotas-tem-reforcos-contra-joinville\/","chapeu":"BOAS NOT\u00cdCIAS","data":"01\/07\/2016","imagem":"https:\/\/images.futebolinterior.com.br\/2021\/04\/0002050176762_img-300x200.jpg","resumo":"Na \u00faltima quinta-feira, a diretoria entregou a documenta\u00e7\u00e3o das arquibancadas m\u00f3veis instaladas no Bento de Freitas"},"547364":{"titulo":"S\u00e9rie B: Cear\u00e1 libera Roni e Marino; presidente diz que Felipe fica","link":"https:\/\/www.futebolinterior.com.br\/serie-b-ceara-libera-roni-e-marino-presidente-diz-que-felipe-fica\/","chapeu":"NOVIDADES","data":"01\/07\/2016","imagem":"https:\/\/images.futebolinterior.com.br\/2021\/04\/0002050176752_img-227x300.jpg","resumo":"J\u00e1 os atacantes Robinho e Bill tiveram seus contratos renovados pela diretoria"},"547375":{"titulo":"S\u00e9rie B: J\u00fanior Rocha faz mist\u00e9rio, mas Luverdense deve ter mudan\u00e7as","link":"https:\/\/www.futebolinterior.com.br\/serie-b-junior-rocha-faz-misterio-mas-luverdense-deve-ter-mudancas\/","chapeu":"FERA","data":"01\/07\/2016","imagem":"https:\/\/images.futebolinterior.com.br\/2021\/04\/0002050176749_img-300x300.jpg","resumo":"O Luverdense volta a campo pelo Campeonato Brasileiro da S\u00e9rie B neste s\u00e1bado, \u00e0s 15 horas, no Passo das Emas em Lucas do Rio Verde"},"547200":{"titulo":"S\u00e9rie B: Marcelo comemora boa fase do Atl\u00e9tico-GO e sonha com lideran\u00e7a","link":"https:\/\/www.futebolinterior.com.br\/serie-b-marcelo-comemora-boa-fase-do-atletico-go-e-sonha-com-lideranca\/","chapeu":"AI, QUE BOM","data":"01\/07\/2016","imagem":"https:\/\/images.futebolinterior.com.br\/2021\/04\/0002050176744_img-300x231.jpg","resumo":"Ainda buscando a lideran\u00e7a do Campeonato Brasileiro da S\u00e9rie B, o Atl\u00e9tico-GO volta a campo neste s\u00e1bado, \u00e0s 16 horas, para enfrentar o N\u00e1utico"}}