{"547394":{"titulo":"S\u00e9rie B: Bahia perde Marcelo Lomba, mas Guto j\u00e1 pensa no time titular","link":"https:\/\/www.futebolinterior.com.br\/serie-b-bahia-perde-marcelo-lomba-mas-guto-ja-pensa-no-time-titular\/","chapeu":"COMO ASSIM?","data":"01\/07\/2016","imagem":"https:\/\/images.futebolinterior.com.br\/2021\/04\/0002050176737_img-300x184.jpg","resumo":"Ap\u00f3s o treino deste sexta-feira, o t\u00e9cnico Guto Ferreira definiu a lista de concentrados do Bahia para a partida contra o Cear\u00e1 neste s\u00e1bado, \u00e0s 19h30, no Castel\u00e3o, pela 14\u00aa rodada"},"547456":{"titulo":"S\u00e9rie B: Goi\u00e1s tem tr\u00eas novidades para aumentar sequ\u00eancia invicta","link":"https:\/\/www.futebolinterior.com.br\/serie-b-goias-tem-tres-novidades-para-aumentar-sequencia-invicta\/","chapeu":"MUDAN\u00c7AS","data":"01\/07\/2016","imagem":"https:\/\/images.futebolinterior.com.br\/2021\/04\/0002050176734_img-300x220.jpg","resumo":"O Esmeraldino n\u00e3o perde h\u00e1 quatro jogos e quer continuar longe da zona de rebaixamento"},"548521":{"titulo":"S\u00e9rie B: Bragantino perde lateral e Veiga aposta na continuidade do elenco","link":"https:\/\/www.futebolinterior.com.br\/serie-b-bragantino-perde-lateral-e-veiga-aposta-na-continuidade-do-elenco\/","chapeu":"FERA","data":"01\/07\/2016","imagem":"https:\/\/images.futebolinterior.com.br\/2021\/04\/0002050176732_img-300x169.jpg","resumo":"Na briga para deixar a zona de rebaixamento, o Bragantino entra em campo neste s\u00e1bado pela 14\u00aa rodada do Campeonato Brasileiro da S\u00e9rie B"},"546890":{"titulo":"S\u00e9rie B: Joinville treina firme e Lisca acompanha elenco em Caxias","link":"https:\/\/www.futebolinterior.com.br\/serie-b-joinville-treina-firme-e-lisca-acompanha-elenco-em-caxias\/","chapeu":"FIRME","data":"01\/07\/2016","imagem":"https:\/\/images.futebolinterior.com.br\/2021\/04\/0002050176727_img-300x200.jpg","resumo":"O Joinville realizou na manh\u00e3 desta sexta-feira o \u00faltimo treinamento antes do compromisso seguinte pela S\u00e9rie B do Campeonato Brasileiro"},"547239":{"titulo":"S\u00e9rie B: Ava\u00ed perde lateral para enfrentar o l\u00edder Vasco na Ressacada","link":"https:\/\/www.futebolinterior.com.br\/serie-b-avai-perde-lateral-para-enfrentar-o-lider-vasco-na-ressacada\/","chapeu":"E AGORA?","data":"01\/07\/2016","imagem":"https:\/\/images.futebolinterior.com.br\/2021\/04\/0002050176722_img-300x225.jpg","resumo":"Parece que o t\u00e9cnico Silas virou o jogo no Campeonato Brasileiro da S\u00e9rie B"},"548570":{"titulo":"S\u00e9rie B: Contra o Atl\u00e9tico-GO, N\u00e1utico espera converter bom desempenho em vit\u00f3ria","link":"https:\/\/www.futebolinterior.com.br\/serie-b-contra-o-atletico-go-nautico-espera-converter-bom-desempenho-em-vitoria\/","chapeu":"A HORA \u00c9 AGORA!","data":"01\/07\/2016","imagem":"https:\/\/images.futebolinterior.com.br\/2021\/04\/0002050176708_img-300x169.jpg","resumo":"Timbu vem atuando bem fora de Pernambuco, mas n\u00e3o tem conseguido conquistar os tr\u00eas pontos. Clubes se enfrentam s\u00e1bado no Serra Dourada"},"547542":{"titulo":"S\u00e9rie B: Zagueiro do Bahia, Gustavo fala sobre sua evolu\u00e7\u00e3o ap\u00f3s cirurgia no joelho","link":"https:\/\/www.futebolinterior.com.br\/serie-b-zagueiro-do-bahia-gustavo-fala-sobre-sua-evolucao-apos-cirurgia-no-joelho\/","chapeu":"RECUPERANDO!","data":"01\/07\/2016","imagem":"https:\/\/images.futebolinterior.com.br\/2021\/04\/0002050176636_img-300x225.jpg","resumo":"Focado em seu retorno aos gramados, o zagueiro do Bahia, que disputa a S\u00e9rie B do Campeonato Brasileiro, Gustavo, que operou o joelho recentemente, j\u00e1 iniciou os trabalhos f\u00edsicos."},"547043":{"titulo":"S\u00e9rie B: Capit\u00e3o do Joinville, Bruno Aguiar espera vit\u00f3ria sobre o Brasil de Pelotas","link":"https:\/\/www.futebolinterior.com.br\/serie-b-capitao-do-joinville-bruno-aguiar-espera-vitoria-sobre-o-brasil-de-pelotas\/","chapeu":"VENCE?","data":"01\/07\/2016","imagem":"https:\/\/images.futebolinterior.com.br\/2021\/04\/0002050176635_img-300x200.jpg","resumo":"Vivendo uma situa\u00e7\u00e3o complicada na tabela de classifica\u00e7\u00e3o da S\u00e9rie B do Campeonato Brasileiro, o Joinville tentar\u00e1 mudar esse quadro a partir deste s\u00e1bado, quando encara o Brasil."},"547369":{"titulo":"S\u00e9rie B: Bragantino defende tabu de 14 anos contra Paran\u00e1 no Nabiz\u00e3o","link":"https:\/\/www.futebolinterior.com.br\/serie-b-bragantino-defende-tabu-de-14-anos-contra-parana-no-nabizao\/","chapeu":"HIST\u00d3RICO!","data":"01\/07\/2016","imagem":"https:\/\/images.futebolinterior.com.br\/2021\/04\/0002050176631_img-300x232.jpg","resumo":"O desesperado Bragantino enfrenta o embalado Paran\u00e1 neste s\u00e1bado (2\/7), \u00e0s 16 horas, no est\u00e1dio Nabi Abi Chedid, o Nabiz\u00e3o, em Bragan\u00e7a Paulista, pela 14\u00aa rodada da S\u00e9rie B."},"547093":{"titulo":"Briga pelo G4 do Brasileir\u00e3o \u00e9 empolgante, com Palmeiras na lideran\u00e7a isolada","link":"https:\/\/www.futebolinterior.com.br\/briga-pelo-g4-do-brasileirao-e-empolgante-com-palmeiras-na-lideranca-isolada\/","chapeu":"OPINI\u00c3O","data":"30\/06\/2016","imagem":"https:\/\/images.futebolinterior.com.br\/2021\/04\/0002050176596_img-300x196.jpg","resumo":"Com a vit\u00f3ria, o Verd\u00e3o se isolou na lideran\u00e7a do Campeonato Brasileiro, que j\u00e1 chegou a sua d\u00e9cima segunda rodada. O Corinthians chegou a 22 pontos, na vice-lideran\u00e7a"}}