{"544092":{"titulo":"S\u00e9rie B: Para se manter no G4, Cear\u00e1 tenta quebrar tabu contra o Crici\u00fama no Castel\u00e3o","link":"https:\/\/www.futebolinterior.com.br\/serie-b-para-se-manter-no-g4-ceara-tenta-quebrar-tabu-contra-o-criciuma-no-castelao\/","chapeu":"V\u00c3O PARA CIMA!","data":"15\/07\/2016","imagem":"https:\/\/images.futebolinterior.com.br\/2021\/04\/0002050180506_img-300x176.jpg","resumo":"Vov\u00f4 e Tigre se enfrentaram 17 vezes na hist\u00f3ria, entre jogos pelas S\u00e9ries A e B do Brasileir\u00e3o"},"543213":{"titulo":"S\u00e9rie B: Crici\u00fama enfrenta longa viagem e Roberto Cavalo ter\u00e1 mudan\u00e7as","link":"https:\/\/www.futebolinterior.com.br\/serie-b-criciuma-enfrenta-longa-viagem-e-roberto-cavalo-tera-mudancas\/","chapeu":"TROCAS","data":"15\/07\/2016","imagem":"https:\/\/images.futebolinterior.com.br\/2021\/04\/0002050180494_img-300x200.jpg","resumo":"A quatro jogos sem vencer na S\u00e9rie B do Campeonato Brasileiro, o Crici\u00fama volta a campo nesta quarta-feira para decidir o seu futuro"},"543146":{"titulo":"S\u00e9rie B: Jorginho confirma Vasco com estreias de Rafael Marques e Alan Cardoso","link":"https:\/\/www.futebolinterior.com.br\/serie-b-jorginho-confirma-vasco-com-estreias-de-rafael-marques-e-alan-cardoso\/","chapeu":"ESCALADO!","data":"15\/07\/2016","imagem":"https:\/\/images.futebolinterior.com.br\/2021\/04\/0002050180487_img-300x200.jpg","resumo":"O Vasco encerrou nesta sexta-feira a prepara\u00e7\u00e3o para o duelo com a Luverdense, s\u00e1bado, em Lucas do Rio Verde, pela 16\u00aa rodada da S\u00e9rie B."},"543155":{"titulo":"S\u00e9rie B: Goi\u00e1s faz \u00faltimo treino com a presen\u00e7a de um '\u00eddolo' em campo","link":"https:\/\/www.futebolinterior.com.br\/serie-b-goias-faz-ultimo-treino-com-a-presenca-de-um-idolo-em-campo\/","chapeu":"OLHA ELE A\u00cd","data":"15\/07\/2016","imagem":"https:\/\/images.futebolinterior.com.br\/2021\/04\/0002050180482_img-300x250.jpg","resumo":"O Goi\u00e1s realizou na tarde da \u00faltima quinta-feira, no Centro de Treinamento Edmo Pinheiro, seu pen\u00faltimo trabalho antes da partida contra o N\u00e1utico"},"543177":{"titulo":"S\u00e9rie B: Marcelo Veiga muda meio e deve estrear volante no Bragantino","link":"https:\/\/www.futebolinterior.com.br\/serie-b-marcelo-veiga-muda-meio-e-deve-estrear-volante-no-bragantino\/","chapeu":"TROCAS","data":"15\/07\/2016","imagem":"https:\/\/images.futebolinterior.com.br\/2021\/04\/0002050180474_img-300x263.jpg","resumo":"Sonhando em deixar a zona de rebaixamento, o Bragantino entra em campo neste s\u00e1bado para finalmente afastar a crise"},"543174":{"titulo":"S\u00e9rie B: Lisca comenta confronto do Joinville com o Bragantino","link":"https:\/\/www.futebolinterior.com.br\/serie-b-lisca-comenta-confronto-do-joinville-com-o-bragantino\/","chapeu":"FALA CHEFE","data":"15\/07\/2016","imagem":"https:\/\/images.futebolinterior.com.br\/2021\/04\/0002050180455_img-300x200.jpg","resumo":"O Joinville entra em campo neste s\u00e1bado, \u00e0s 21h, no est\u00e1dio Nabi Abi Chedid"},"542936":{"titulo":"S\u00e9rie B: Mesmo com baixas no N\u00e1utico, Gallo treina de olho no G4","link":"https:\/\/www.futebolinterior.com.br\/serie-b-mesmo-com-baixas-no-nautico-gallo-treina-de-olho-no-g4\/","chapeu":"FIRME","data":"15\/07\/2016","imagem":"https:\/\/images.futebolinterior.com.br\/2021\/04\/0002050180424_img-300x225.jpg","resumo":"Precisando volta a pontuar no Campeonato Brasileiro da S\u00e9rie B, o N\u00e1utico visita o Goi\u00e1s neste s\u00e1bado, \u00e0s 16h30, no Est\u00e1dio Serra Dourada, em Goi\u00e2nia, pela 16\u00aa rodada da competi\u00e7\u00e3o"},"544286":{"titulo":"S\u00e9rie B: Edson Ratinho espera manter sequ\u00eancia com camisa do Paysandu","link":"https:\/\/www.futebolinterior.com.br\/serie-b-edson-ratinho-espera-manter-sequencia-com-camisa-do-paysandu\/","chapeu":"T\u00c1 CONTENTE!","data":"15\/07\/2016","imagem":"https:\/\/images.futebolinterior.com.br\/2021\/04\/0002050180396_img-300x200.jpg","resumo":"Um dos respons\u00e1veis pela rea\u00e7\u00e3o do Paysandu na S\u00e9rie B do Campeonato Brasileiro, nas \u00faltimas semanas, o lateral-direito Edson Ratinho vive um bom momento com a camisa bicolor. "},"543330":{"titulo":"'Guardizola' mant\u00e9m discurso humilde no CRBayer ap\u00f3s assumir vice-lideran\u00e7a da S\u00e9rie B","link":"https:\/\/www.futebolinterior.com.br\/guardizola-mantem-discurso-humilde-no-crbayer-apos-assumir-vice-lideranca-da-serie-b\/","chapeu":"CRBAYER...","data":"14\/07\/2016","imagem":"https:\/\/images.futebolinterior.com.br\/2021\/04\/0002050180364_img-300x200.jpg","resumo":"A fase no CRB \u00e9 t\u00e3o boa dentro do Campeonato Brasileiro da S\u00e9rie B que a torcida j\u00e1 come\u00e7a a cham\u00e1-lo de CRBayer e o t\u00e9cnico Mazola J\u00fanior de Guardizola"},"543385":{"titulo":"CRB 3 x 0 Tupi - Galo da Paju\u00e7ara vence f\u00e1cil e assume a vice-lideran\u00e7a","link":"https:\/\/www.futebolinterior.com.br\/crb-3-x-0-tupi-galo-da-pajucara-vence-facil-e-assume-a-vice-lideranca\/","chapeu":"E AI, VASCO?","data":"14\/07\/2016","imagem":0,"resumo":"Z\u00e9 Carlos, Matheus Galdezani e Weliton Junior marcaram os gols da vit\u00f3ria do time da casa"}}