{"541712":{"titulo":"Joinville 2 x 1 Goi\u00e1s - JEC segue na UTI, mas respira por aparelhos","link":"https:\/\/www.futebolinterior.com.br\/joinville-2-x-1-goias-jec-segue-na-uti-mas-respira-por-aparelhos\/","chapeu":"AL\u00cdVIO","data":"19\/07\/2016","imagem":0,"resumo":"Essa foi apenas a segunda vit\u00f3ria do Coelho atuando diante de seus torcedores na S\u00e9rie B"},"542063":{"titulo":"S\u00c9RIE B: Joinville segura Goi\u00e1s e Brasil perde chance de encostar no G4","link":"https:\/\/www.futebolinterior.com.br\/serie-b-joinville-segura-goias-e-brasil-perde-chance-de-encostar-no-g4\/","chapeu":"UFA!","data":"19\/07\/2016","imagem":"https:\/\/images.futebolinterior.com.br\/2021\/04\/0002050181519_img-300x200.jpg","resumo":"O JEC deu mais um passo para sair da zona de rebaixamento, enquanto o Oeste poderia ter sa\u00eddo com tr\u00eas pontos"},"541901":{"titulo":"S\u00e9rie B: Cl\u00e1udio Tencati n\u00e3o garante Keirrison entre os titulares do Londrina","link":"https:\/\/www.futebolinterior.com.br\/serie-b-claudio-tencati-nao-garante-keirrison-entre-os-titulares-do-londrina\/","chapeu":"INDEFINIDO","data":"19\/07\/2016","imagem":"https:\/\/images.futebolinterior.com.br\/2021\/04\/0002050181489_img-300x204.jpg","resumo":"Liberado para resolver problemas particulares, K99 pode dar lugar para o experiente Lima"},"541956":{"titulo":"Oeste 1 x 1 Brasil de Pelotas - Empate ruim para os dois na abertura da 17\u00aa rodada","link":"https:\/\/www.futebolinterior.com.br\/oeste-1-x-1-brasil-de-pelotas-empate-ruim-para-os-dois-na-abertura-da-17a-rodada\/","chapeu":"TUDO IGUAL!","data":"19\/07\/2016","imagem":0,"resumo":"O time paulista abriu o placar aos 23 minutos da primeira etapa, mas sofreu o empate no minuto seguinte"},"541924":{"titulo":"S\u00e9rie B: Diretor do N\u00e1utico sai em defesa de Alexandre Gallo e promete refor\u00e7os","link":"https:\/\/www.futebolinterior.com.br\/serie-b-diretor-do-nautico-sai-em-defesa-de-alexandre-gallo-e-promete-reforcos\/","chapeu":"GARANTIDO","data":"19\/07\/2016","imagem":"https:\/\/images.futebolinterior.com.br\/2021\/04\/0002050181481_img-300x200.jpg","resumo":"Eduardo Henriques disse que vai fazer o \"poss\u00edvel e o imposs\u00edvel\" para conquistar o acesso"},"541936":{"titulo":"Bahia supera Corinthians e acerta com lateral Eduardo, do Atl\u00e9tico-PR","link":"https:\/\/www.futebolinterior.com.br\/bahia-supera-corinthians-e-acerta-com-lateral-eduardo-do-atletico-pr\/","chapeu":"PEGA ESSA!","data":"19\/07\/2016","imagem":"https:\/\/images.futebolinterior.com.br\/2021\/04\/0002050181478_img-300x187.jpg","resumo":"O jogador, de 29 anos, chega por empr\u00e9stimo at\u00e9 o final da temporada"},"542119":{"titulo":"S\u00e9rie B: Hoje no Atl\u00e9tico-MG, Tiago Pagnussat est\u00e1 pr\u00f3ximo do Bahia","link":"https:\/\/www.futebolinterior.com.br\/serie-b-hoje-no-atletico-mg-tiago-pagnussat-esta-proximo-do-bahia\/","chapeu":"FALTAM DETALHES","data":"19\/07\/2016","imagem":"https:\/\/images.futebolinterior.com.br\/2021\/04\/0002050181472_img.jpg","resumo":"O jogador perdeu espa\u00e7o com a chegada de Marcelo Oliveira no Galo e ser\u00e1 emprestado"},"541996":{"titulo":"S\u00e9rie C: Salgueiro contrata atacante Wanderson, ex-Ponte, Paran\u00e1 e Paysandu","link":"https:\/\/www.futebolinterior.com.br\/serie-c-salgueiro-contrata-atacante-wanderson-ex-ponte-parana-e-paysandu\/","chapeu":"CHEGOU!","data":"19\/07\/2016","imagem":"https:\/\/images.futebolinterior.com.br\/2021\/04\/0002050181466_img-188x300.jpg","resumo":"O jogador estava no Pap\u00e3o e foi emprestado at\u00e9 o final do Capeonato Brasileiro"},"542148":{"titulo":"S\u00e9rie C: Fortaleza contrata meia da Chapecoense e atacante do Bahia","link":"https:\/\/www.futebolinterior.com.br\/serie-c-fortaleza-contrata-meia-da-chapecoense-e-atacante-do-bahia\/","chapeu":"CARAS NOVAS!","data":"19\/07\/2016","imagem":"https:\/\/images.futebolinterior.com.br\/2021\/04\/0002050181462_img-300x173.jpg","resumo":"Rodrigo Andrade e Jo\u00e3o Paulo s\u00e3o os novos refor\u00e7os do tricolor para a sequ\u00eancia da terceira divis\u00e3o nacional."},"542184":{"titulo":"S\u00e9rie B: Crici\u00fama troca auxiliar da comiss\u00e3o t\u00e9cnica e sofre com ass\u00e9dio","link":"https:\/\/www.futebolinterior.com.br\/serie-b-criciuma-troca-auxiliar-da-comissao-tecnica-e-sofre-com-assedio\/","chapeu":"MUDAN\u00c7AS","data":"19\/07\/2016","imagem":"https:\/\/images.futebolinterior.com.br\/2021\/04\/0002050181441_img-300x170.jpg","resumo":"A manh\u00e3 desta ter\u00e7a-feira come\u00e7ou com muitas novidades no Crici\u00fama"}}