{"542865":{"titulo":"S\u00e9rie B: Lateral-esquerdo analisa sua estreia na derrota do Atl\u00e9tico-GO","link":"https:\/\/www.futebolinterior.com.br\/serie-b-lateral-esquerdo-analisa-sua-estreia-na-derrota-do-atletico-go\/","chapeu":"E A\u00cd?","data":"20\/07\/2016","imagem":"https:\/\/images.futebolinterior.com.br\/2021\/04\/0002050181685_img-300x199.jpg","resumo":"O lateral-esquerdo Raul chegou ao Atl\u00e9tico-GO no m\u00eas de junho. Experiente, o atleta de 30 anos veio para ajudar o clube na dif\u00edcil tarefa do acesso na S\u00e9rie B"},"541548":{"titulo":"S\u00e9rie B: Lorenzi acredita na vontade do Sampaio Corr\u00eaa para sair do rebaixamento","link":"https:\/\/www.futebolinterior.com.br\/serie-b-lorenzi-acredita-na-vontade-do-sampaio-correa-para-sair-do-rebaixamento\/","chapeu":"FERA","data":"20\/07\/2016","imagem":"https:\/\/images.futebolinterior.com.br\/2021\/04\/0002050181682_img-300x229.jpg","resumo":"A m\u00e1 fase que vive o Sampaio Corr\u00eaa na S\u00e9rie B do Campeonato Brasileiro n\u00e3o desencoraja os jogadores do clube"},"542875":{"titulo":"S\u00e9rie C: Confian\u00e7a contrata lateral do N\u00e1utico e zagueiro do Sampaio Corr\u00eaa","link":"https:\/\/www.futebolinterior.com.br\/serie-c-confianca-contrata-lateral-do-nautico-e-zagueiro-do-sampaio-correa\/","chapeu":"NOVIDADES!","data":"20\/07\/2016","imagem":"https:\/\/images.futebolinterior.com.br\/2021\/04\/0002050181681_img-300x200.jpg","resumo":"Com a contrata\u00e7\u00e3o de Mimica e Gil Mineiro, o Drag\u00e3o j\u00e1 soma quatro contrata\u00e7\u00f5es para o segundo turno da competi\u00e7\u00e3o."},"541815":{"titulo":"S\u00e9rie B: L\u00e9o Gamalho \u00e9 regularizado e pode estrear pelo Goi\u00e1s","link":"https:\/\/www.futebolinterior.com.br\/serie-b-leo-gamalho-e-regularizado-e-pode-estrear-pelo-goias\/","chapeu":"BOA NOT\u00cdCIA","data":"20\/07\/2016","imagem":"https:\/\/images.futebolinterior.com.br\/2021\/04\/0002050181659_img-300x226.jpg","resumo":"O jogador foi contratado na semana passada junto ao Nacional-URU e vinha treinando com o elenco"},"541615":{"titulo":"S\u00e9rie B: Bragantino desafia retrospecto e tabu contra o l\u00edder Vasco em S\u00e3o Janu\u00e1rio","link":"https:\/\/www.futebolinterior.com.br\/serie-b-bragantino-desafia-retrospecto-e-tabu-contra-o-lider-vasco-em-sao-januario\/","chapeu":"N\u00c3O SER\u00c1 F\u00c1CIL","data":"20\/07\/2016","imagem":"https:\/\/images.futebolinterior.com.br\/2021\/04\/0002050181649_img-300x200.jpg","resumo":"Na rodada passada, o Le\u00e3o venceu, em casa, o Joinville por 2 a 0, enquanto que o time carioca empatou, fora de casa, com o Luverdense por 1 a 1"},"542927":{"titulo":"S\u00e9rie B: Dono do pior ataque, Sampaio Corr\u00eaa mira Gileard, atacante do Maranh\u00e3o","link":"https:\/\/www.futebolinterior.com.br\/serie-b-dono-do-pior-ataque-sampaio-correa-mira-gileard-atacante-do-maranhao\/","chapeu":"VAI FECHAR?","data":"20\/07\/2016","imagem":"https:\/\/images.futebolinterior.com.br\/2021\/04\/0002050181630_img-300x204.jpg","resumo":"A diretoria do MAC, por\u00e9m, disse que s\u00f3 libera o jogador se receber uma compensa\u00e7\u00e3o financeira"},"541837":{"titulo":"S\u00e9rie B: Negocia\u00e7\u00e3o com H\u00e9ber mela e Joinville planeja dispensas","link":"https:\/\/www.futebolinterior.com.br\/serie-b-negociacao-com-heber-mela-e-joinville-planeja-dispensas\/","chapeu":"REFORMULA\u00c7\u00c3O","data":"20\/07\/2016","imagem":"https:\/\/images.futebolinterior.com.br\/2021\/04\/0002050181627_img-300x200.jpg","resumo":"O t\u00e9cnico Lisca disse que o elenco vai sofrer mudan\u00e7as durante o per\u00edodo de dez dias sem jogo"},"541670":{"titulo":"S\u00e9rie B: Ap\u00f3s deixar Joinville, Bruno Aguiar \u00e9 apresentado no Al Muaither","link":"https:\/\/www.futebolinterior.com.br\/serie-b-apos-deixar-joinville-bruno-aguiar-e-apresentado-no-al-muaither\/","chapeu":"APRESENTADO!","data":"20\/07\/2016","imagem":"https:\/\/images.futebolinterior.com.br\/2021\/04\/0002050181564_img-300x196.jpg","resumo":"Depois de \u00f3timas temporadas defendendo o Joinville, onde era l\u00edder e capit\u00e3o do elenco tricolor, o zagueiro Bruno Aguiar assinou nesta ter\u00e7a-feira com o Al Muaither."},"541913":{"titulo":"S\u00e9rie B: Atacante Ciel, que estava nos Emirados \u00c1rabes, retorna ao Cear\u00e1","link":"https:\/\/www.futebolinterior.com.br\/serie-b-atacante-ciel-que-estava-nos-emirados-arabes-retorna-ao-ceara\/","chapeu":"REFOR\u00c7O!","data":"19\/07\/2016","imagem":"https:\/\/images.futebolinterior.com.br\/2021\/04\/0002050181547_img-300x237.jpg","resumo":"O jogador j\u00e1 passou pelo Voz\u00e3o em outras ocasi\u00f5es e agradeceu o apoio dos torcedores que pediram sua volta"},"541922":{"titulo":"S\u00e9rie B: Jael, ex-Flamengo, Bahia e Sport, pr\u00f3ximo de voltar ao Joinville","link":"https:\/\/www.futebolinterior.com.br\/serie-b-jael-ex-flamengo-bahia-e-sport-proximo-de-voltar-ao-joinville\/","chapeu":"FATALM DETALHES","data":"19\/07\/2016","imagem":"https:\/\/images.futebolinterior.com.br\/2021\/04\/0002050181530_img-300x189.jpg","resumo":"O jogador \u00e9 aguardado no Brasil entre s\u00e1bado e domingo para realizar exames m\u00e9dicos e assinar contrato"}}