{"541270":{"titulo":"S\u00e9rie B: Com jogadores assediados, Crici\u00fama n\u00e3o que se desfazer do elenco","link":"https:\/\/www.futebolinterior.com.br\/serie-b-com-jogadores-assediados-criciuma-nao-que-se-desfazer-do-elenco\/","chapeu":"VAI CONSEGUIR?","data":"21\/07\/2016","imagem":"https:\/\/images.futebolinterior.com.br\/2021\/04\/0002050181934_img-300x173.jpg","resumo":"O volante Douglas Moreira e o atacante Gustavo s\u00e3o os principais alvos"},"541491":{"titulo":"S\u00e9rie C: Ex-lateral de Figueirense e Sampaio refor\u00e7a o Tombense; ou\u00e7a a entrevista!","link":"https:\/\/www.futebolinterior.com.br\/serie-c-ex-lateral-de-figueirense-e-sampaio-reforca-o-tombense-ouca-a-entrevista\/","chapeu":"T\u00d4 NA \u00c1REA!","data":"21\/07\/2016","imagem":"https:\/\/images.futebolinterior.com.br\/2021\/04\/0002050181929_img-300x200.jpg","resumo":"L\u00e9o Rodrigues j\u00e1 est\u00e1 treinando com o restante do elenco e aguarda pela regulariza\u00e7\u00e3o no BID para ficar \u00e0 disposi\u00e7\u00e3o de Moacir J\u00fanior."},"542621":{"titulo":"S\u00e9rie B: J\u00e1 integrado ao elenco, experiente volante Adriano assina com o Goi\u00e1s","link":"https:\/\/www.futebolinterior.com.br\/serie-b-ja-integrado-ao-elenco-experiente-volante-adriano-assina-com-o-goias\/","chapeu":"MAIS UM CASCUDO","data":"21\/07\/2016","imagem":"https:\/\/images.futebolinterior.com.br\/2021\/04\/0002050181925_img-190x300.jpg","resumo":"Campe\u00e3o da Libertadores com o Santos, jogador tentar\u00e1 ao lado de L\u00e9o Lima, Renan e Daniel Carvalho dar experi\u00eancia ao time "},"541588":{"titulo":"S\u00e9rie B: Silas muda e Ava\u00ed embarca para Pernambuco com 'novo capit\u00e3o'","link":"https:\/\/www.futebolinterior.com.br\/serie-b-silas-muda-e-avai-embarca-para-pernambuco-com-novo-capitao\/","chapeu":"\u00c9 COM ELE","data":"21\/07\/2016","imagem":"https:\/\/images.futebolinterior.com.br\/2021\/04\/0002050181928_img-300x225.jpg","resumo":"O Ava\u00ed realizou nesta manh\u00e3 de quinta-feira, o \u00faltimo treino antes de enfrentar o N\u00e1utico, pela 17\u00aa rodada do Campeonato Brasileiro da S\u00e9rie B, na Arena Pernambuco"},"541601":{"titulo":"S\u00e9rie B: Alexandre Gallo faz mist\u00e9rio, mas N\u00e1utico deve ter mudan\u00e7as","link":"https:\/\/www.futebolinterior.com.br\/serie-b-alexandre-gallo-faz-misterio-mas-nautico-deve-ter-mudancas\/","chapeu":"E AGORA?","data":"21\/07\/2016","imagem":"https:\/\/images.futebolinterior.com.br\/2021\/04\/0002050181923_img-300x225.jpg","resumo":"O N\u00e1utico entra em campo restando apenas dois jogos para encerrar o primeiro turno do Campeonato Brasileiro da S\u00e9rie B, sendo os dois seguidos em casa"},"541512":{"titulo":"S\u00e9rie B: Crici\u00fama treina com novidades no meio campo para sexta-feira","link":"https:\/\/www.futebolinterior.com.br\/serie-b-criciuma-treina-com-novidades-no-meio-campo-para-sexta-feira\/","chapeu":"FERAS","data":"21\/07\/2016","imagem":"https:\/\/images.futebolinterior.com.br\/2021\/04\/0002050181913_img-300x200.jpg","resumo":"O Crici\u00fama treinou em alta intensidade na tarde desta quarta-feira no est\u00e1dio Heriberto H\u00fclse, em Santa Catarina"},"541793":{"titulo":"S\u00e9rie B: Paran\u00e1 tamb\u00e9m perde goleiro e j\u00e1 come\u00e7a a pensar na escala\u00e7\u00e3o","link":"https:\/\/www.futebolinterior.com.br\/serie-b-parana-tambem-perde-goleiro-e-ja-comeca-a-pensar-na-escalacao\/","chapeu":"FORA","data":"21\/07\/2016","imagem":"https:\/\/images.futebolinterior.com.br\/2021\/04\/0002050181670_img-300x169.jpg","resumo":"O Paran\u00e1 realizou na manh\u00e3 desta quarta-feira, no CT do Ninho da Gralha o \u00faltimo treino antes da viagem para Crici\u00fama"},"541426":{"titulo":"S\u00e9rie B: Buscando espa\u00e7o no Joinville, Dodo fala sobre evolu\u00e7\u00e3o e adapta\u00e7\u00e3o","link":"https:\/\/www.futebolinterior.com.br\/serie-b-buscando-espaco-no-joinville-dodo-fala-sobre-evolucao-e-adaptacao\/","chapeu":"FALA A\u00cd!","data":"21\/07\/2016","imagem":"https:\/\/images.futebolinterior.com.br\/2021\/04\/0002050181839_img-300x200.jpg","resumo":"Contratado pela diretoria do Joinville no \u00faltimo m\u00eas, o meia-atacante Dodo, que passou os \u00faltimos anos atuando no futebol do Azerbaij\u00e3o, falou sobre a readapta\u00e7\u00e3o ao pa\u00eds."},"542731":{"titulo":"S\u00e9rie B: Ansioso para retornar, Gustavo mostra evolu\u00e7\u00e3o e espera ajudar o Bahia","link":"https:\/\/www.futebolinterior.com.br\/serie-b-ansioso-para-retornar-gustavo-mostra-evolucao-e-espera-ajudar-o-bahia\/","chapeu":"TREINANDO!?","data":"21\/07\/2016","imagem":"https:\/\/images.futebolinterior.com.br\/2021\/04\/0002050181834_img-300x200.jpg","resumo":"Gustavo, zagueiro do Bahia, que operou o joelho durante o Campeonato Baiano, vem mostrando uma evolu\u00e7\u00e3o grande no local da les\u00e3o. "},"541538":{"titulo":"S\u00e9rie B: N\u00e1utico prega simplicidade para finalmente retomar as vit\u00f3rias","link":"https:\/\/www.futebolinterior.com.br\/serie-b-nautico-prega-simplicidade-para-finalmente-retomar-as-vitorias\/","chapeu":"VAMO NESSA","data":"20\/07\/2016","imagem":"https:\/\/images.futebolinterior.com.br\/2021\/04\/0002050181691_img-300x225.jpg","resumo":"A simplicidade \u00e9 o caminho para o N\u00e1utico voltar a vencer e subir na classifica\u00e7\u00e3o do Campeonato Brasileiro da S\u00e9rie B"}}