{"541338":{"titulo":"N\u00e1utico x Ava\u00ed - Em queda, Timbu pega visitante \"bonzinho\"","link":"https:\/\/www.futebolinterior.com.br\/nautico-x-avai-em-queda-timbu-pega-visitante-bonzinho\/","chapeu":"BOM DUELO","data":"21\/07\/2016","imagem":"https:\/\/images.futebolinterior.com.br\/2021\/04\/0002050182037_img-300x225.jpg","resumo":"O time catarinense n\u00e3o conquistou nenhuma vit\u00f3ria atuando longe de Florian\u00f3polis nesta S\u00e9rie B"},"541362":{"titulo":"S\u00e9rie B: Ainda em busca de refor\u00e7os, Cear\u00e1 dispensa Alex Amado e Rafinha","link":"https:\/\/www.futebolinterior.com.br\/serie-b-ainda-em-busca-de-reforcos-ceara-dispensa-alex-amado-e-rafinha\/","chapeu":"TCHAU","data":"21\/07\/2016","imagem":"https:\/\/images.futebolinterior.com.br\/2021\/04\/0002050182025_img-300x200.jpg","resumo":"Os dois jogadores estavam fora dos planos do t\u00e9cnico S\u00e9rgio Soares para sequ\u00eancia da temporada"},"541466":{"titulo":"S\u00e9rie B: Rivaldo, ex-meia de Palmeiras e Santos, \u00e9 o novo refor\u00e7o do Bragantino","link":"https:\/\/www.futebolinterior.com.br\/serie-b-rivaldo-ex-meia-de-palmeiras-e-santos-e-o-novo-reforco-do-bragantino\/","chapeu":"MAIS UM","data":"21\/07\/2016","imagem":"https:\/\/images.futebolinterior.com.br\/2021\/04\/0002050182012_img-300x189.jpg","resumo":"O novo jogador n\u00e3o vinha sendo aproveitado por M\u00e1rcio Fernandes no Botafogo-SP"},"541286":{"titulo":"S\u00e9rie B: Junior Dutra e \u00c9derson treinam no Vasco e comemoram seus retornos ao Brasil","link":"https:\/\/www.futebolinterior.com.br\/serie-b-junior-dutra-e-ederson-treinam-no-vasco-e-comemoram-seus-retornos-ao-brasil\/","chapeu":"FELIZES!","data":"21\/07\/2016","imagem":"https:\/\/images.futebolinterior.com.br\/2021\/04\/0002050182011_img-300x200.jpg","resumo":"Rec\u00e9m-contratados pelo Vasco, os atacantes Junior Dutra e \u00c9derson ainda n\u00e3o foram apresentados oficialmente, mas j\u00e1 treinam como jogadores do grupo. Nesta quinta-feira"},"542521":{"titulo":"S\u00e9rie B: Falta de gols preocupa e diretoria do Paysandu pode buscar atacantes","link":"https:\/\/www.futebolinterior.com.br\/serie-b-falta-de-gols-preocupa-e-diretoria-do-paysandu-pode-buscar-atacantes\/","chapeu":"QUE SITUA\u00c7\u00c3O","data":"21\/07\/2016","imagem":"https:\/\/images.futebolinterior.com.br\/2021\/04\/0002050182001_img-300x225.jpg","resumo":"A \u00faltima vez que um homem de frente do Pap\u00e3o marcou foi h\u00e1 dois meses"},"541550":{"titulo":"Crici\u00fama x Paran\u00e1 \u2013 Briga direta pelo G4 da S\u00e9rie B","link":"https:\/\/www.futebolinterior.com.br\/criciuma-x-parana-briga-direta-pelo-g4-da-serie-b\/","chapeu":"QUERO S\u00d3 VER","data":"21\/07\/2016","imagem":"https:\/\/images.futebolinterior.com.br\/2021\/04\/0002050181945_img-300x200.jpg","resumo":"Jogando no Heriberto Hulse, o Crici\u00fama recebe o Paran\u00e1 nesta 17\u00aa rodada do Campeonato Brasileiro da S\u00e9rie B de olho no G4"},"542610":{"titulo":"\u200bS\u00c9RIE B: Crici\u00fama, Paran\u00e1 e N\u00e1utico jogam nesta sexta-feira pelo G4","link":"https:\/\/www.futebolinterior.com.br\/%e2%80%8bserie-b-criciuma-parana-e-nautico-jogam-nesta-sexta-feira-pelo-g4\/","chapeu":"L\u00c1 EM CIMA","data":"21\/07\/2016","imagem":"https:\/\/images.futebolinterior.com.br\/2021\/04\/0002050181937_img-300x200.jpg","resumo":"A briga pelo G4 vai esquentar a noite desta sexta-feira"},"542541":{"titulo":"S\u00e9rie B: Bahia libera Robson para Esteghlal Theran e Allano \u00e9 apresentado","link":"https:\/\/www.futebolinterior.com.br\/serie-b-bahia-libera-robson-para-esteghlal-theran-e-allano-e-apresentado\/","chapeu":"ENTRA E SAI","data":"21\/07\/2016","imagem":"https:\/\/images.futebolinterior.com.br\/2021\/04\/0002050181980_img-300x184.jpg","resumo":"A diretoria tricolor continua reformulando o elenco e Eduardo deve chegar nos pr\u00f3ximos dias"},"541239":{"titulo":"S\u00e9rie B: Atento ao mercado, Atl\u00e9tico-GO coloca atacante como prioridade","link":"https:\/\/www.futebolinterior.com.br\/serie-b-atento-ao-mercado-atletico-go-coloca-atacante-como-prioridade\/","chapeu":"NA MIRA","data":"21\/07\/2016","imagem":"https:\/\/images.futebolinterior.com.br\/2021\/04\/0002050181964_img-300x230.jpg","resumo":"A diretoria, por\u00e9m, n\u00e3o quer inchar o elenco e por isso busca refor\u00e7os pontuais"},"541374":{"titulo":"S\u00e9rie B: Vila Nova ganha mais dois refor\u00e7os para manter bom momento","link":"https:\/\/www.futebolinterior.com.br\/serie-b-vila-nova-ganha-mais-dois-reforcos-para-manter-bom-momento\/","chapeu":"BOA NOT\u00cdCIA","data":"21\/07\/2016","imagem":"https:\/\/images.futebolinterior.com.br\/2021\/04\/0002050181938_img-300x216.jpg","resumo":"O volante Ca\u00edque e o atacante Patrick tiveram suas documenta\u00e7\u00f5es regularizadas e podem estrear no s\u00e1bado"}}