{"529817":{"titulo":"S\u00e9rie B: N\u00e1utico desafia retrospecto para vencer o Bahia na Arena Pernambuco","link":"https:\/\/www.futebolinterior.com.br\/serie-b-nautico-desafia-retrospecto-para-vencer-o-bahia-na-arena-pernambuco\/","chapeu":"E A\u00cd","data":"06\/09\/2016","imagem":"https:\/\/images.futebolinterior.com.br\/2021\/04\/0002050192901_img-300x200.jpg","resumo":"Sonhando com o G4, N\u00e1utico enfrenta o Bahia no s\u00e1bado (10), \u00e0s 16h30, na Arena Pernambuco, em Recife (PE), pela 24\u00aa rodada do Campeonato Brasileiro da S\u00e9rie B"},"528814":{"titulo":"S\u00e9rie B: Bragantino desafia retrospecto para vencer o Sampaio Corr\u00eaa no Nabiz\u00e3o","link":"https:\/\/www.futebolinterior.com.br\/serie-b-bragantino-desafia-retrospecto-para-vencer-o-sampaio-correa-no-nabizao\/","chapeu":"FERAS","data":"06\/09\/2016","imagem":"https:\/\/images.futebolinterior.com.br\/2021\/04\/0002050192903_img-300x200.jpg","resumo":"Na luta contra a degola, Bragantino e Sampaio Corr\u00eaa jogam nesta ter\u00e7a-feira (6), \u00e0s 19h30 (de Bras\u00edlia), no Est\u00e1dio Nabi Abi Chedid (Nabiz\u00e3o), em Bragan\u00e7a Paulista"},"528834":{"titulo":"S\u00e9rie D: Eliminado e sem o acesso, Ituano busca emprestar meias ao CRB","link":"https:\/\/www.futebolinterior.com.br\/serie-d-eliminado-e-sem-o-acesso-ituano-busca-emprestar-meias-ao-crb\/","chapeu":"VEM PRA C\u00c1","data":"06\/09\/2016","imagem":"https:\/\/images.futebolinterior.com.br\/2021\/04\/0002050192862_img.jpg","resumo":"Eliminado na fase decisiva do Campeonato Brasileiro da S\u00e9rie D, o Ituano agora tenta n\u00e3o quebrar os cofres do clube at\u00e9 o final da temporada"},"528847":{"titulo":"Presidente do SAFESP saboreia del\u00edcias da Pizzaria do Dad\u00e1","link":"https:\/\/www.futebolinterior.com.br\/presidente-do-safesp-saboreia-delicias-da-pizzaria-do-dada\/","chapeu":"QUE PRESEN\u00c7A","data":"06\/09\/2016","imagem":0,"resumo":"O presidente do Sindicato dos \u00c1rbitros de Futebol do Estado de S\u00e3o Paulo (SAFESP), Arthur Alves J\u00fanior, foi o convidado especial da Pizzaria Monte Cristo, a Pizzaria do Dad\u00e1"},"529075":{"titulo":"S\u00e9rie B: Cl\u00e9o pede rea\u00e7\u00e3o e quer vit\u00f3ria do Goi\u00e1s sobre o Cear\u00e1","link":"https:\/\/www.futebolinterior.com.br\/serie-b-cleo-pede-reacao-e-quer-vitoria-do-goias-sobre-o-ceara\/","chapeu":"VAI REAGIR?","data":"06\/09\/2016","imagem":"https:\/\/images.futebolinterior.com.br\/2021\/04\/0002050192851_img-300x200.jpg","resumo":"Para se distanciar da zona de rebaixamento da S\u00e9rie B, o Goi\u00e1s volta a campo no s\u00e1bado para encarar o Cear\u00e1 no Serra Dourada."},"529114":{"titulo":"Encostado na Ponte Preta, Felipe Menezes se aproxima do Cear\u00e1","link":"https:\/\/www.futebolinterior.com.br\/encostado-na-ponte-preta-felipe-menezes-se-aproxima-do-ceara\/","chapeu":"DE SA\u00cdDA","data":"05\/09\/2016","imagem":"https:\/\/images.futebolinterior.com.br\/2021\/04\/0002050192803_img-300x157.jpg","resumo":"Contratado para ser o camisa 10, o jogador n\u00e3o se firmou na Macaca e deve ter sua sa\u00edda concretizada nessa semana"},"528902":{"titulo":"Bragantino x Sampaio Corr\u00eaa - Decis\u00e3o contra o rebaixamento","link":"https:\/\/www.futebolinterior.com.br\/bragantino-x-sampaio-correa-decisao-contra-o-rebaixamento\/","chapeu":"QUE FASE","data":"05\/09\/2016","imagem":"https:\/\/images.futebolinterior.com.br\/2021\/04\/0002050192792_img-200x300.jpg","resumo":"Os dois times est\u00e3o no Z4 e uma derrota torna a situa\u00e7\u00e3o ainda mais preocupante"},"528911":{"titulo":"S\u00e9rie B: Emprestado pelo Corinthians, Alan Mineiro est\u00e1 \u00e0 disposi\u00e7\u00e3o no Bragantino","link":"https:\/\/www.futebolinterior.com.br\/serie-b-emprestado-pelo-corinthians-alan-mineiro-esta-a-disposicao-no-bragantino\/","chapeu":"BOA NOT\u00cdCIA","data":"05\/09\/2016","imagem":"https:\/\/images.futebolinterior.com.br\/2021\/04\/0002050192787_img-300x169.jpg","resumo":"O jogador teve seu nome publicado no BID da CBF e pode ser aproveitado por Marcelo Veiga"},"529024":{"titulo":"S\u00e9rie B: A um ponto do G4, Londrina segue pensando em escapar do rebaixamento","link":"https:\/\/www.futebolinterior.com.br\/serie-b-a-um-ponto-do-g4-londrina-segue-pensando-em-escapar-do-rebaixamento\/","chapeu":"P\u00c9S NO CH\u00c3O","data":"05\/09\/2016","imagem":"https:\/\/images.futebolinterior.com.br\/2021\/04\/0002050192785_img-300x204.jpg","resumo":"Cl\u00e1udio Tencati disse que o LEC precisa de mais sete pontos para come\u00e7ar a pensar em algo a mais no campeonato"},"529049":{"titulo":"S\u00e9rie B: Elenco do Paysandu convoca coletiva e nega problemas de relacionamento","link":"https:\/\/www.futebolinterior.com.br\/serie-b-elenco-do-paysandu-convoca-coletiva-e-nega-problemas-de-relacionamento\/","chapeu":"EXPLICA\u00c7\u00c3O","data":"05\/09\/2016","imagem":"https:\/\/images.futebolinterior.com.br\/2021\/04\/0002050192748_img-300x183.jpg","resumo":"Todos os atletas estiveram presentes na sala de imprensa, mas o goleiro Marc\u00e3o e o volante Lucas foram os porta-vozes"}}