{"528004":{"titulo":"S\u00e9rie B: Estevam Soares define confronto contra Joinville como \"guerra esportiva\"","link":"https:\/\/www.futebolinterior.com.br\/serie-b-estevam-soares-define-confronto-contra-joinville-como-guerra-esportiva\/","chapeu":"VAI PEGAR FOGO","data":"08\/09\/2016","imagem":"https:\/\/images.futebolinterior.com.br\/2021\/04\/0002050193606_img.jpg","resumo":"Os dois times est\u00e3o empatados com 22 pontos na zona de rebaixamento do campeonato"},"528092":{"titulo":"S\u00e9rie B: Sem desfalques, Brasil de Pelotas tenta manter o foco no Paysandu","link":"https:\/\/www.futebolinterior.com.br\/serie-b-sem-desfalques-brasil-de-pelotas-tenta-manter-o-foco-no-paysandu\/","chapeu":"FERA","data":"08\/09\/2016","imagem":"https:\/\/images.futebolinterior.com.br\/2021\/04\/0002050193589_img-300x200.jpg","resumo":"O Brasil de Pelotas segue tentando conter a empolga\u00e7\u00e3o na S\u00e9rie B do Campeonato Brasileiro"},"528179":{"titulo":"Moto Club e Sampaio Corr\u00eaa podem voltar a se enfrentar na S\u00e9rie C ap\u00f3s 13 anos","link":"https:\/\/www.futebolinterior.com.br\/moto-club-e-sampaio-correa-podem-voltar-a-se-enfrentar-na-serie-c-apos-13-anos\/","chapeu":"ENCONTRO?","data":"08\/09\/2016","imagem":"https:\/\/images.futebolinterior.com.br\/2021\/04\/0002050193584_img-300x172.jpg","resumo":"Falta apenas 50% para o maior cl\u00e1ssico do Maranh\u00e3o voltar a acontece por uma edi\u00e7\u00e3o do Campeonato Brasileiro ap\u00f3s 13 anos"},"529188":{"titulo":"S\u00e9rie B: Paysandu contrata artilheiro do CSA na campanha do acesso","link":"https:\/\/www.futebolinterior.com.br\/serie-b-paysandu-contrata-artilheiro-do-csa-na-campanha-do-acesso\/","chapeu":"MERCADO","data":"08\/09\/2016","imagem":"https:\/\/images.futebolinterior.com.br\/2021\/04\/0002050193575_img-300x225.jpg","resumo":"Em crise na S\u00e9rie B do Campeonato Brasileiro e pressionado pelo torcida, o Paysandu apresentou um refor\u00e7o nesta quinta-feira para a sequencia da temporada"},"528329":{"titulo":"S\u00e9rie D: Melhor p\u00fablico do CSA \u00e9 superior ao de seis times da S\u00e9rie A","link":"https:\/\/www.futebolinterior.com.br\/serie-d-melhor-publico-do-csa-e-superior-ao-de-seis-times-da-serie-a\/","chapeu":"FENOMENAL!","data":"08\/09\/2016","imagem":"https:\/\/images.futebolinterior.com.br\/2021\/04\/0002050193573_img-300x208.jpg","resumo":"A marca de 13.861 pagantes do CSA na decis\u00e3o do acesso contra o Ituano, recorde da S\u00e9rie D, \u00e9 maior do que o melhor p\u00fablico de seis equipes da S\u00e9rie A do Brasileir\u00e3o"},"528112":{"titulo":"S\u00e9rie B: De olho no Crici\u00fama, Renato, do Ava\u00ed, quer acabar com tabu negativo","link":"https:\/\/www.futebolinterior.com.br\/serie-b-de-olho-no-criciuma-renato-do-avai-quer-acabar-com-tabu-negativo\/","chapeu":"FIM DO TABU?","data":"08\/09\/2016","imagem":"https:\/\/images.futebolinterior.com.br\/2021\/04\/0002050193574_img-300x169.jpg","resumo":"Nas \u00faltimas tr\u00eas rodadas da S\u00e9rie B, o Ava\u00ed conquistou duas vit\u00f3rias e um empate. A sequ\u00eancia positiva fez a possibilidade de acesso voltar \u00e0 tona no est\u00e1dio da Ressacada"},"529195":{"titulo":"S\u00e9rie B: Welinton Junior confessa cobran\u00e7a para voltar a balan\u00e7ar as redes pelo CRB","link":"https:\/\/www.futebolinterior.com.br\/serie-b-welinton-junior-confessa-cobranca-para-voltar-a-balancar-as-redes-pelo-crb\/","chapeu":"SECA DE GOLS","data":"08\/09\/2016","imagem":"https:\/\/images.futebolinterior.com.br\/2021\/04\/0002050193572_img-300x169.jpg","resumo":"Quarto colocado na tabela de classifica\u00e7\u00e3o da S\u00e9rie B, o CRB recebe nesse final de semana a equipe do Vila Nova. Se vencer, continua no G4 e firme por uma das vagas do acesso"},"528526":{"titulo":"S\u00e9rie B: Apesar das sondagens, Atl\u00e9tico-GO confia na manuten\u00e7\u00e3o do elenco","link":"https:\/\/www.futebolinterior.com.br\/serie-b-apesar-das-sondagens-atletico-go-confia-na-manutencao-do-elenco\/","chapeu":"SER\u00c1","data":"07\/09\/2016","imagem":"https:\/\/images.futebolinterior.com.br\/2021\/04\/0002050193242_img-300x230.jpg","resumo":"O zagueiro Marllon e os volantes Michel e Pedro Bambu foram os jogadores mais procurados"},"528421":{"titulo":"S\u00e9rie B: Ex-Ponte e Palmeiras, Felipe Menezes chega ao Cear\u00e1 falando em retornar ao G4","link":"https:\/\/www.futebolinterior.com.br\/serie-b-ex-ponte-e-palmeiras-felipe-menezes-chega-ao-ceara-falando-em-retornar-ao-g4\/","chapeu":"OTIMISTA!","data":"07\/09\/2016","imagem":"https:\/\/images.futebolinterior.com.br\/2021\/04\/0002050193232_img-300x177.jpg","resumo":"O jogador, que estava encostado na Macaca, foi apresentado oficialmente nesta quarta-feira"},"528549":{"titulo":"S\u00e9rie B: Pressionado, Jorginho esconde escala\u00e7\u00e3o do Vasco para pegar o Oeste","link":"https:\/\/www.futebolinterior.com.br\/serie-b-pressionado-jorginho-esconde-escalacao-do-vasco-para-pegar-o-oeste\/","chapeu":"QUER O TOPO!","data":"07\/09\/2016","imagem":"https:\/\/images.futebolinterior.com.br\/2021\/04\/0002050193230_img-300x200.jpg","resumo":"O jejum de seis partidas sem vit\u00f3ria e a perda da lideran\u00e7a da S\u00e9rie B devem provocar mudan\u00e7as no Vasco para encarar o Oeste. Nesta quarta-feira, o t\u00e9cnico Jorginho"}}