{"527934":{"titulo":"S\u00e9rie B: Cl\u00e1udio Tencati aproveita retorno de tr\u00eas titulares no Londrina","link":"https:\/\/www.futebolinterior.com.br\/serie-b-claudio-tencati-aproveita-retorno-de-tres-titulares-no-londrina\/","chapeu":"TAMO DE VOLTA","data":"09\/09\/2016","imagem":"https:\/\/images.futebolinterior.com.br\/2021\/04\/0002050193878_img-300x150.jpg","resumo":"O Londrina enfrenta neste s\u00e1bado, \u00e0s 16 horas, no est\u00e1dio Durival Britto, o Paran\u00e1 pela 24\u00aa rodada da S\u00e9rie B do Campeonato Brasileiro"},"527957":{"titulo":"S\u00e9rie B: Com sete desfalques, Paran\u00e1 tem miss\u00e3o dura contra rebaixamento","link":"https:\/\/www.futebolinterior.com.br\/serie-b-com-sete-desfalques-parana-tem-missao-dura-contra-rebaixamento\/","chapeu":"E AGORA?","data":"09\/09\/2016","imagem":"https:\/\/images.futebolinterior.com.br\/2021\/04\/0002050193862_img-300x169.jpg","resumo":"O final de semana pode colocar o Paran\u00e1 de vez na briga contra a zona de rebaixamento"},"528864":{"titulo":"S\u00e9rie B: Oeste conta com a volta de atacante, mas Diniz n\u00e3o deve ter mudan\u00e7as","link":"https:\/\/www.futebolinterior.com.br\/serie-b-oeste-conta-com-a-volta-de-atacante-mas-diniz-nao-deve-ter-mudancas\/","chapeu":"RETORNO","data":"09\/09\/2016","imagem":"https:\/\/images.futebolinterior.com.br\/2021\/04\/0002050193854_img-300x200.jpg","resumo":"Precisando vencer para se afastar da zona de rebaixamento, o Oeste viajou nesta sexta-feira para o Rio de Janeiro enfrentar o Vasco em S\u00e3o Janu\u00e1rio, pela 24\u00aa rodada da S\u00e9rie B"},"527987":{"titulo":"S\u00e9rie B: Jorginho fecha treino e pede apoio da torcida para Vasco recuperar lideran\u00e7a","link":"https:\/\/www.futebolinterior.com.br\/serie-b-jorginho-fecha-treino-e-pede-apoio-da-torcida-para-vasco-recuperar-lideranca\/","chapeu":"MIST\u00c9RIO","data":"09\/09\/2016","imagem":"https:\/\/images.futebolinterior.com.br\/2021\/04\/0002050193850_img-300x200.jpg","resumo":"A m\u00e1 fase que tirou o Vasco at\u00e9 da lideran\u00e7a da S\u00e9rie B do Campeonato Brasileiro s\u00f3 ser\u00e1 encerrada com o apoio da torcida. Foi essa a avalia\u00e7\u00e3o do t\u00e9cnico Jorginho na v\u00e9spera"},"528033":{"titulo":"S\u00e9rie B: Ava\u00ed perde tr\u00eas titulares e Claudinei Oliveira deve improvisar","link":"https:\/\/www.futebolinterior.com.br\/serie-b-avai-perde-tres-titulares-e-claudinei-oliveira-deve-improvisar\/","chapeu":"E AGORA","data":"09\/09\/2016","imagem":"https:\/\/images.futebolinterior.com.br\/2021\/04\/0002050193791_img-300x200.jpg","resumo":"Nesta tarde da \u00faltima quinta-feira o Ava\u00ed disputou um coletivo no gramado da Ressacada. O treinador Claudinei Oliveira orientou durante toda a atividade"},"527894":{"titulo":"S\u00e9rie B: Tentando deixar o Z4, Goi\u00e1s desafia tabu contra o Cear\u00e1 no Serra Dourada","link":"https:\/\/www.futebolinterior.com.br\/serie-b-tentando-deixar-o-z4-goias-desafia-tabu-contra-o-ceara-no-serra-dourada\/","chapeu":"VENCER OU...","data":"09\/09\/2016","imagem":"https:\/\/images.futebolinterior.com.br\/2021\/04\/0002050193770_img-300x248.jpg","resumo":"Esmeraldino n\u00e3o vence o Voz\u00e3o h\u00e1 quase 17 anos, por\u00e9m, leva vantagem no retrospecto geral tendo vencido duas partidas a mais "},"528960":{"titulo":"S\u00e9rie B: Para distanciar do Z4, Paran\u00e1 pretende acabar com tabu diante do Londrina","link":"https:\/\/www.futebolinterior.com.br\/serie-b-para-distanciar-do-z4-parana-pretende-acabar-com-tabu-diante-do-londrina\/","chapeu":"AGORA VAI!","data":"09\/09\/2016","imagem":"https:\/\/images.futebolinterior.com.br\/2021\/04\/0002050193767_img-300x169.jpg","resumo":"Clube da capital n\u00e3o vence o adv\u00e9rs\u00e1rio desde 2013, por\u00e9m, leva vantagem no retrospecto geral tendo vencido cinco partidas a mais "},"528164":{"titulo":"S\u00e9rie B: Goi\u00e1s deve ter M\u00e1rcio e forma\u00e7\u00e3o ofensiva para sair do Z4","link":"https:\/\/www.futebolinterior.com.br\/serie-b-goias-deve-ter-marcio-e-formacao-ofensiva-para-sair-do-z4\/","chapeu":"MUDAN\u00c7AS","data":"08\/09\/2016","imagem":"https:\/\/images.futebolinterior.com.br\/2021\/04\/0002050193662_img-275x300.jpg","resumo":"O t\u00e9cnico Gilson Kleina pretende entrar com tr\u00eas atacantes em sua estreia"},"528048":{"titulo":"S\u00e9rie B: Mart\u00edn Silva retorna ao Vasco ap\u00f3s sele\u00e7\u00e3o e descarta qualquer tipo de crise","link":"https:\/\/www.futebolinterior.com.br\/serie-b-martin-silva-retorna-ao-vasco-apos-selecao-e-descarta-qualquer-tipo-de-crise\/","chapeu":"SAI PARA L\u00c1","data":"08\/09\/2016","imagem":"https:\/\/images.futebolinterior.com.br\/2021\/04\/0002050193659_img-300x161.jpg","resumo":"O jogador uruguaio acredita que o cruzmaltino tem tudo para voltar a vencer na S\u00e9rie B j\u00e1 neste fim de semana"},"528183":{"titulo":"S\u00e9rie B: Crici\u00fama tem refor\u00e7o de Marlon, mas perde Raphael Silva suspenso","link":"https:\/\/www.futebolinterior.com.br\/serie-b-criciuma-tem-reforco-de-marlon-mas-perde-raphael-silva-suspenso\/","chapeu":"O TIME","data":"08\/09\/2016","imagem":"https:\/\/images.futebolinterior.com.br\/2021\/04\/0002050193654_img-300x170.jpg","resumo":"O time titular deve ser definido por Roberto Cavalo ap\u00f3s o treinamento desta sexta-feira"}}