{"528657":{"titulo":"Joinville 1 x 1 Tupi \u2013 V\u00e3o morrer abra\u00e7ados?","link":"https:\/\/www.futebolinterior.com.br\/joinville-1-x-1-tupi-vao-morrer-abracados\/","chapeu":"NA MESMA","data":"09\/09\/2016","imagem":0,"resumo":"O resultado n\u00e3o foi bom para ningu\u00e9m e os dois times continuam empatados na zona de rebaixamento"},"527728":{"titulo":"Vasco x Oeste - Vasc\u00e3o quer voltar a vencer e espantar a desconfian\u00e7a","link":"https:\/\/www.futebolinterior.com.br\/vasco-x-oeste-vascao-quer-voltar-a-vencer-e-espantar-a-desconfianca\/","chapeu":"EST\u00c1 NA HORA","data":"09\/09\/2016","imagem":"https:\/\/images.futebolinterior.com.br\/2021\/04\/0002050193870_img-300x200.jpg","resumo":"O time carioca vem de duas derrotas consecutivas e caiu para a vice-lideran\u00e7a"},"527654":{"titulo":"Goi\u00e1s x Cear\u00e1 - Sob novo comando, Verd\u00e3o tenta deixar zona de rebaixamento","link":"https:\/\/www.futebolinterior.com.br\/goias-x-ceara-sob-novo-comando-verdao-tenta-deixar-zona-de-rebaixamento\/","chapeu":"VAI CONSEGUIR?","data":"09\/09\/2016","imagem":"https:\/\/images.futebolinterior.com.br\/2021\/04\/0002050193941_img-300x200.jpg","resumo":"Gilson Kleina faz sua estreia no time esmeraldino e vai encontrar pela frente um Voz\u00e3o que precisa da vit\u00f3ria"},"527996":{"titulo":"Ava\u00ed x Crici\u00fama - Briga catarinense no meio da tabela da S\u00e9rie B","link":"https:\/\/www.futebolinterior.com.br\/avai-x-criciuma-briga-catarinense-no-meio-da-tabela-da-serie-b\/","chapeu":"DE CASA","data":"09\/09\/2016","imagem":"https:\/\/images.futebolinterior.com.br\/2021\/04\/0002050193835_img-300x200.jpg","resumo":"Ava\u00ed e Crici\u00fama se enfrentam neste s\u00e1bado para continuar subindo na tabela do Campeonato Brasileiro da S\u00e9rie B"},"528928":{"titulo":"S\u00c9RIE B: Vasco joga para retomar a lideran\u00e7a e Goi\u00e1s pode deixar a degola","link":"https:\/\/www.futebolinterior.com.br\/serie-b-vasco-joga-para-retomar-a-lideranca-e-goias-pode-deixar-a-degola\/","chapeu":"BRIGA BOA","data":"09\/09\/2016","imagem":"https:\/\/images.futebolinterior.com.br\/2021\/04\/0002050193784_img-300x200.jpg","resumo":"O Vasco entra em campo neste s\u00e1bado, 10, para recuperar a lideran\u00e7a da S\u00e9rie B do Campeonato Brasileiro"},"528757":{"titulo":"Paran\u00e1 x Londrina - Objetivos distintos em campo no duelo regional","link":"https:\/\/www.futebolinterior.com.br\/parana-x-londrina-objetivos-distintos-em-campo-no-duelo-regional\/","chapeu":"QUEM LEVA?","data":"09\/09\/2016","imagem":"https:\/\/images.futebolinterior.com.br\/2021\/04\/0002050193924_img-300x198.jpg","resumo":"O Tricolor luta contra o rebaixamento, enquanto o LEC almeja uma vaga no G4"},"528813":{"titulo":"N\u00e1utico x Bahia - Estreia de Givanildo Oliveira na briga por novo acesso","link":"https:\/\/www.futebolinterior.com.br\/nautico-x-bahia-estreia-de-givanildo-oliveira-na-briga-por-novo-acesso\/","chapeu":"ELE VOLTOU","data":"09\/09\/2016","imagem":"https:\/\/images.futebolinterior.com.br\/2021\/04\/0002050193895_img-300x225.jpg","resumo":"O Campeonato Brasileiro da S\u00e9rie B \u00e9 feito de altos e baixos"},"527677":{"titulo":"S\u00e9rie B: Lista grande de desfalques faz Mazola J\u00fanior quebrar a cabe\u00e7a","link":"https:\/\/www.futebolinterior.com.br\/serie-b-lista-grande-de-desfalques-faz-mazola-junior-quebrar-a-cabeca\/","chapeu":"EITA","data":"09\/09\/2016","imagem":"https:\/\/images.futebolinterior.com.br\/2021\/04\/0002050193902_img-300x225.jpg","resumo":"S\u00e3o quatro baixas certas - tr\u00eas por suspens\u00e3o e um por contus\u00e3o -, mas o n\u00famero ainda pode aumentar"},"528836":{"titulo":"S\u00e9rie B: Vila Nova inicia 'Era p\u00f3s-Jean Carlos' j\u00e1 diante do CRB","link":"https:\/\/www.futebolinterior.com.br\/serie-b-vila-nova-inicia-era-pos-jean-carlos-ja-diante-do-crb\/","chapeu":"PRA CIMA","data":"09\/09\/2016","imagem":"https:\/\/images.futebolinterior.com.br\/2021\/04\/0002050193883_img-300x193.jpg","resumo":"Come\u00e7ou a era do Vila Nova sem o meia Jean Carlos. A rescis\u00e3o do jogador apareceu no Boletim Informativo Di\u00e1rio (BID) na \u00faltima quinta-feira e ele est\u00e1 livre"},"527708":{"titulo":"Joinville x Tupi - Arena Joinville recebe \"guerra\" contra o rebaixamento","link":"https:\/\/www.futebolinterior.com.br\/joinville-x-tupi-arena-joinville-recebe-guerra-contra-o-rebaixamento\/","chapeu":"VAI PEGAR FOGO","data":"09\/09\/2016","imagem":"https:\/\/images.futebolinterior.com.br\/2021\/04\/0002050193884_img-300x200.jpg","resumo":"Os dois times est\u00e3o na zona da degola e empatados com 22 pontos "}}