{"525768":{"titulo":"S\u00e9rie B: Ap\u00f3s cirurgia, Omar corre contra o tempo para retornar ao Sampaio Corr\u00eaa","link":"https:\/\/www.futebolinterior.com.br\/serie-b-apos-cirurgia-omar-corre-contra-o-tempo-para-retornar-ao-sampaio-correa\/","chapeu":"RETORNANDO!","data":"16\/09\/2016","imagem":"https:\/\/images.futebolinterior.com.br\/2021\/04\/0002050195617_img-225x300.jpg","resumo":"Goleiro j\u00e1 faz fisioterapia no ombro para ficar pronto ainda neste ano, ele deseja voltar o mais r\u00e1pido poss\u00edvel aos gramados "},"525804":{"titulo":"S\u00e9rie B: Rodrigo admite queda de rendimento do Vasco, mas rejeita crise","link":"https:\/\/www.futebolinterior.com.br\/serie-b-rodrigo-admite-queda-de-rendimento-do-vasco-mas-rejeita-crise\/","chapeu":"PEDIU CALMA!","data":"15\/09\/2016","imagem":"https:\/\/images.futebolinterior.com.br\/2021\/04\/0002050195572_img-300x200.jpg","resumo":"O zagueiro garantiu que o Cruzmaltino conta com bom ambiente, apesar dos resultados irregulares"},"525854":{"titulo":"Ap\u00f3s chamar Cruzeiro de m.., Riascos rescinde e acerta com clube Turco","link":"https:\/\/www.futebolinterior.com.br\/apos-chamar-cruzeiro-de-m-riascos-rescinde-e-acerta-com-clube-turco\/","chapeu":"ADEUS!","data":"15\/09\/2016","imagem":"https:\/\/images.futebolinterior.com.br\/2021\/04\/0002050195563_img-300x174.jpg","resumo":"A Raposa ainda pode entrar com recurso para tentar evitar a sa\u00edda do atacante"},"525815":{"titulo":"S\u00e9rie B: Al\u00e9m de Ren\u00ea J\u00fanior, Bahia tamb\u00e9m apresenta dupla de atacantes","link":"https:\/\/www.futebolinterior.com.br\/serie-b-alem-de-rene-junior-bahia-tambem-apresenta-dupla-de-atacantes\/","chapeu":"PACOT\u00c3O","data":"15\/09\/2016","imagem":"https:\/\/images.futebolinterior.com.br\/2021\/04\/0002050195561_img-300x221.jpg","resumo":"Ren\u00ea Junior n\u00e3o foi a \u00fanica novidade do Bahia nesta quinta-feira, no \u00faltimo dia de transfer\u00eancias na S\u00e9rie B do Campeonato Brasileiro"},"527085":{"titulo":"Vila Nova x Luverdense \u2013 Tigre quer chegar ao G4 da S\u00e9rie B!","link":"https:\/\/www.futebolinterior.com.br\/vila-nova-x-luverdense-tigre-quer-chegar-ao-g4-da-serie-b\/","chapeu":"VAI SER JOG\u00c3O?","data":"15\/09\/2016","imagem":"https:\/\/images.futebolinterior.com.br\/2021\/04\/0002050195537_img-300x169.jpg","resumo":"No primeiro turno, h\u00e1 pouco mais de tr\u00eas meses, no Passo das Emas, Vandinho e Jean Carlos fizeram os gols da vit\u00f3ria colorada"},"525836":{"titulo":"Botafogo surpreende e contrata lateral-direito do Bragantino na S\u00e9rie B","link":"https:\/\/www.futebolinterior.com.br\/botafogo-surpreende-e-contrata-lateral-direito-do-bragantino-na-serie-b\/","chapeu":"FINALMENTE","data":"15\/09\/2016","imagem":"https:\/\/images.futebolinterior.com.br\/2021\/04\/0002050195543_img-242x300.jpg","resumo":"O Botafogo achou o lateral direito que tanto buscava no mercado. Nesta quinta-feira o clube acertou com Alem\u00e3o, que estava com o Bragantino na S\u00e9rie B "},"526120":{"titulo":"Brasil-RS x Crici\u00fama - Xavante tenta acordar e Tigre que encostar","link":"https:\/\/www.futebolinterior.com.br\/brasil-rs-x-criciuma-xavante-tenta-acordar-e-tigre-que-encostar\/","chapeu":"CHOQUE!","data":"15\/09\/2016","imagem":"https:\/\/images.futebolinterior.com.br\/2021\/04\/0002050195534_img-300x200.jpg","resumo":"Ap\u00f3s dois jogos sem vencer, o time ga\u00facho viu a vantagem diminuir e pode deixar o G4 se perder para os catarinenses, que podem subir.."},"526110":{"titulo":"Vasco x Joinville - Rebaixados em 2015 e opostos em 2016","link":"https:\/\/www.futebolinterior.com.br\/vasco-x-joinville-rebaixados-em-2015-e-opostos-em-2016\/","chapeu":"JOGO GRANDE","data":"15\/09\/2016","imagem":"https:\/\/images.futebolinterior.com.br\/2021\/04\/0002050195532_img-300x169.jpg","resumo":"Enquanto o time carioca faz as contas para o acesso, o JEC \u00e9 o pen\u00faltimo colocado e teme novo rebaixamento"},"527095":{"titulo":"S\u00c9RIE B: Vasco encara vice-lanterna e Brasil tenta se segurar no G4","link":"https:\/\/www.futebolinterior.com.br\/serie-b-vasco-encara-vice-lanterna-e-brasil-tenta-se-segurar-no-g4\/","chapeu":"BRIGA BOA!","data":"15\/09\/2016","imagem":"https:\/\/images.futebolinterior.com.br\/2021\/04\/0002050195531_img-300x200.jpg","resumo":"Tr\u00eas jogos abrem a 26\u00aa rodada da competi\u00e7\u00e3o na noite desta sexta-feira"},"525903":{"titulo":"S\u00e9rie B: Tart\u00e1, ex-meia do Fluminense, deixa o Bragantino","link":"https:\/\/www.futebolinterior.com.br\/serie-b-tarta-ex-meia-do-fluminense-deixa-o-bragantino\/","chapeu":"VAZOU!","data":"15\/09\/2016","imagem":"https:\/\/images.futebolinterior.com.br\/2021\/04\/0002050195529_img-300x204.jpg","resumo":"O jogador disputou 20 jogos com a camisa do Massa Bruta e n\u00e3o marcou nenhum gol"}}