{"526912":{"titulo":"S\u00e9rie B: Capit\u00e3o do Sampaio Corr\u00eaa, Rodrigo Ramos quer time embalando na fuga do Z4","link":"https:\/\/www.futebolinterior.com.br\/serie-b-capitao-do-sampaio-correa-rodrigo-ramos-quer-time-embalando-na-fuga-do-z4\/","chapeu":"PELA VIT\u00d3RIA!","data":"16\/09\/2016","imagem":"https:\/\/images.futebolinterior.com.br\/2021\/04\/0002050195688_img-300x230.jpg","resumo":"Prestes a completar 386 jogos pelo clube, o goleiro \u00e9 simbolo de ra\u00e7a no time que busca mais uma vit\u00f3ria diante do CRB "},"525684":{"titulo":"S\u00e9rie B: Em busca da primeira vit\u00f3ria com Givanildo, N\u00e1utico tem baixas","link":"https:\/\/www.futebolinterior.com.br\/serie-b-em-busca-da-primeira-vitoria-com-givanildo-nautico-tem-baixas\/","chapeu":"VAMO NESSA","data":"16\/09\/2016","imagem":"https:\/\/images.futebolinterior.com.br\/2021\/04\/0002050195689_img-300x200.jpg","resumo":"Segue a saga de Givanildo Oliveira em busca de uma primeira vit\u00f3ria com o N\u00e1utico na S\u00e9rie B do Campeonato Brasileiro"},"526923":{"titulo":"S\u00e9rie B: Mois\u00e9s volta de suspens\u00e3o e Guto Ferreira acerta o Bahia","link":"https:\/\/www.futebolinterior.com.br\/serie-b-moises-volta-de-suspensao-e-guto-ferreira-acerta-o-bahia\/","chapeu":"TUDO CERTO","data":"16\/09\/2016","imagem":"https:\/\/images.futebolinterior.com.br\/2021\/04\/0002050195684_img-300x184.jpg","resumo":"Ap\u00f3s cinco dias de longe de Salvador, o elenco do Bahia voltou a treinar no Fazend\u00e3o na \u00faltima quinta-feira"},"525928":{"titulo":"S\u00e9rie B: Suspenso, volante Marcos Serrato desfalca o Tupi fora de casa","link":"https:\/\/www.futebolinterior.com.br\/serie-b-suspenso-volante-marcos-serrato-desfalca-o-tupi-fora-de-casa\/","chapeu":"E AGORA?","data":"16\/09\/2016","imagem":"https:\/\/images.futebolinterior.com.br\/2021\/04\/0002050195676_img-300x211.jpg","resumo":"O Tupi ainda mant\u00e9m aceso o sonho de deixar a zona de rebaixamento do Campeonato Brasileiro da S\u00e9rie B"},"525702":{"titulo":"Empres\u00e1rio S\u00e9rgio Toledo entra no mercado com promessas do futebol","link":"https:\/\/www.futebolinterior.com.br\/empresario-sergio-toledo-entra-no-mercado-com-promessas-do-futebol\/","chapeu":"REVELA\u00c7\u00d5ES","data":"16\/09\/2016","imagem":"https:\/\/images.futebolinterior.com.br\/2021\/04\/0002050195660_img-300x300.jpg","resumo":"Ele vem ajudando com alimenta\u00e7\u00e3o, materiais esportivo e sal\u00e1rios, dando tranquilidade para os jovens desempenhar seu trabalho"},"526958":{"titulo":"S\u00e9rie B: Apresentado, ex-atacante do CSA j\u00e1 viaja com o elenco do Paysandu","link":"https:\/\/www.futebolinterior.com.br\/serie-b-apresentado-ex-atacante-do-csa-ja-viaja-com-o-elenco-do-paysandu\/","chapeu":"TAMO AI","data":"16\/09\/2016","imagem":"https:\/\/images.futebolinterior.com.br\/2021\/04\/0002050195651_img-300x225.jpg","resumo":"Ap\u00f3s a chegada do atacante Jobinho, anunciada na \u00faltima quinta-feira, a diretoria do Paysandu anunciou de forma oficial a contrata\u00e7\u00e3o de mais um atleta para o elenco principal"},"525727":{"titulo":"S\u00e9rie B: Paran\u00e1 viaja para Goi\u00e2nia com desfalques e Martelotte mant\u00e9m d\u00favidas","link":"https:\/\/www.futebolinterior.com.br\/serie-b-parana-viaja-para-goiania-com-desfalques-e-martelotte-mantem-duvidas\/","chapeu":"QUEM VEM?","data":"16\/09\/2016","imagem":"https:\/\/images.futebolinterior.com.br\/2021\/04\/0002050195649_img-300x200.jpg","resumo":"Se n\u00e3o quiser se aproximar da zona de rebaixamento da S\u00e9rie B do Campeonato Brasileiro, o Paran\u00e1 precisa voltar a vencer neste s\u00e1bado, pela 26\u00aa rodada da competi\u00e7\u00e3o"},"526982":{"titulo":"S\u00e9rie B: Cear\u00e1 apresenta dupla de refor\u00e7os e Soares tem mudan\u00e7as na zaga","link":"https:\/\/www.futebolinterior.com.br\/serie-b-ceara-apresenta-dupla-de-reforcos-e-soares-tem-mudancas-na-zaga\/","chapeu":"QUEM VEM?","data":"16\/09\/2016","imagem":"https:\/\/images.futebolinterior.com.br\/2021\/04\/0002050195642_img-300x177.jpg","resumo":"Na \u00faltima quinta-feira o Cear\u00e1 apresentou mais dois refor\u00e7os para a S\u00e9rie B do Campeonato Brasileiro: o zagueiro Andr\u00e9 Paulino e o meia Lel\u00ea"},"525746":{"titulo":"S\u00e9rie B: Com mudan\u00e7a nas pontas e sem Walter, Goi\u00e1s viaja para Salvador","link":"https:\/\/www.futebolinterior.com.br\/serie-b-com-mudanca-nas-pontas-e-sem-walter-goias-viaja-para-salvador\/","chapeu":"TUDO CERTO","data":"16\/09\/2016","imagem":"https:\/\/images.futebolinterior.com.br\/2021\/04\/0002050195640_img-300x215.jpg","resumo":"Buscando uma rea\u00e7\u00e3o na briga contra o rebaixamento do Campeonato Brasileiro da S\u00e9rie B, o Goi\u00e1s volta a campo neste s\u00e1bado para enfrentar o Bahia"},"525751":{"titulo":"S\u00e9rie B: Com campanha de 'rebaixado' no 2\u00ba turno, Vasco recebe o Joinville","link":"https:\/\/www.futebolinterior.com.br\/serie-b-com-campanha-de-rebaixado-no-2o-turno-vasco-recebe-o-joinville\/","chapeu":"QUE FASE!","data":"16\/09\/2016","imagem":"https:\/\/images.futebolinterior.com.br\/2021\/04\/0002050195628_img-300x200.jpg","resumo":"O t\u00e9cnico Jorginho tem tido problemas na escala\u00e7\u00e3o da equipe, principalmente no meio de campo, com v\u00e1rias mudan\u00e7as"}}