{"525925":{"titulo":"S\u00e9rie B: No Est\u00e1dio do Caf\u00e9, Londrina encara o Cear\u00e1 tentando p\u00f4r fim em tabu","link":"https:\/\/www.futebolinterior.com.br\/serie-b-no-estadio-do-cafe-londrina-encara-o-ceara-tentando-por-fim-em-tabu\/","chapeu":"JAMAIS VENCEU","data":"15\/09\/2016","imagem":"https:\/\/images.futebolinterior.com.br\/2021\/04\/0002050195515_img-300x200.jpg","resumo":"As duas equipes somam 38 pontos cada, mesma pontua\u00e7\u00e3o do CRB que fecha o G4"},"526177":{"titulo":"S\u00e9rie B: Brasil de Pelotas n\u00e3o tem desfalques, mas deve ter mudan\u00e7as no meio de campo","link":"https:\/\/www.futebolinterior.com.br\/serie-b-brasil-de-pelotas-nao-tem-desfalques-mas-deve-ter-mudancas-no-meio-de-campo\/","chapeu":"QUEM JOGA?","data":"15\/09\/2016","imagem":"https:\/\/images.futebolinterior.com.br\/2021\/04\/0002050195497_img-300x172.jpg","resumo":"O t\u00e9cnico Rog\u00e9rio Zimmermann deve promover as entradas de Diogo Oliveira e Elias no time titular"},"525975":{"titulo":"S\u00e9rie B: Sem desfalques, Luverdense deve ter mesmo time que bateu Brasil de Pelotas","link":"https:\/\/www.futebolinterior.com.br\/serie-b-sem-desfalques-luverdense-deve-ter-mesmo-time-que-bateu-brasil-de-pelotas\/","chapeu":"FOR\u00c7A M\u00c1XIMA!","data":"15\/09\/2016","imagem":"https:\/\/images.futebolinterior.com.br\/2021\/04\/0002050195489_img-300x140.jpg","resumo":"Quatro pontos abaixo do quarto colocado, o LEC ainda acredita o acesso \u00e0 elite do futebol nacional"},"525962":{"titulo":"S\u00e9rie B: Joinville tem desfalque no meio para enfrentar o l\u00edder Vasco","link":"https:\/\/www.futebolinterior.com.br\/serie-b-joinville-tem-desfalque-no-meio-para-enfrentar-o-lider-vasco\/","chapeu":"MUDAN\u00c7A","data":"15\/09\/2016","imagem":"https:\/\/images.futebolinterior.com.br\/2021\/04\/0002050195464_img-300x170.jpg","resumo":"O volante Naldo n\u00e3o poder\u00e1 atuar e deve dar lugar a Bertotto nesta sexta-feira"},"526400":{"titulo":"S\u00e9rie B: Com volante suspenso, t\u00e9cnico n\u00e3o confirma substituto no Crici\u00fama","link":"https:\/\/www.futebolinterior.com.br\/serie-b-com-volante-suspenso-tecnico-nao-confirma-substituto-no-criciuma\/","chapeu":"SUSPENSE","data":"15\/09\/2016","imagem":"https:\/\/images.futebolinterior.com.br\/2021\/04\/0002050195460_img-300x170.jpg","resumo":"O Tigre visita o Brasil de Pelotas pela 26\u00aa rodada da competi\u00e7\u00e3o no Bento Freitas"},"526008":{"titulo":"S\u00e9rie B: Desligado do Figueirense, Carlos Alberto recebe proposta do CRB","link":"https:\/\/www.futebolinterior.com.br\/serie-b-desligado-do-figueirense-carlos-alberto-recebe-proposta-do-crb\/","chapeu":"T\u00c1 LIVRE!","data":"15\/09\/2016","imagem":"https:\/\/images.futebolinterior.com.br\/2021\/04\/0002050195449_img-300x192.jpg","resumo":"O jogador recebeu uma oferta nesta quarta-feira, mas n\u00e3o aceitou e afirmou que n\u00e3o atuar\u00e1 por mais nenhum time neste ano."},"526028":{"titulo":"S\u00e9rie B: Trabalhando a parte f\u00edsica, Diones quer retornar aos Joinville em breve","link":"https:\/\/www.futebolinterior.com.br\/serie-b-trabalhando-a-parte-fisica-diones-quer-retornar-aos-joinville-em-breve\/","chapeu":"QUASE PRONTO!","data":"15\/09\/2016","imagem":"https:\/\/images.futebolinterior.com.br\/2021\/04\/0002050195424_img-300x200.jpg","resumo":"Volante relata que o departamento m\u00e9dico do clube tem sido \u00f3timo com ele que, vem evoluindo muito nas \u00faltimas semanas"},"526042":{"titulo":"S\u00e9rie B: Em casa, Jonas Belusso quer vit\u00f3ria do Brasil de Pelotas sobre o Crici\u00fama","link":"https:\/\/www.futebolinterior.com.br\/serie-b-em-casa-jonas-belusso-quer-vitoria-do-brasil-de-pelotas-sobre-o-criciuma\/","chapeu":"PELO G4! ","data":"15\/09\/2016","imagem":"https:\/\/images.futebolinterior.com.br\/2021\/04\/0002050195421_img-300x300.jpg","resumo":"Meta \u00e9 se manter no G4, atacante fez sua estreia na equipe titular na \u00faltima rodada diante do Luverdense "},"526103":{"titulo":"S\u00e9rie B: N\u00e1utico tenta contrata\u00e7\u00e3o de Jussi\u00ea, campe\u00e3o brasileiro pelo Cruzeiro","link":"https:\/\/www.futebolinterior.com.br\/serie-b-nautico-tenta-contratacao-de-jussie-campeao-brasileiro-pelo-cruzeiro\/","chapeu":"VAI ROLAR?","data":"14\/09\/2016","imagem":"https:\/\/images.futebolinterior.com.br\/2021\/04\/0002050195303_img-300x188.jpg","resumo":"L\u00e9o Gamalho tamb\u00e9m foi tentado, mas este assinou com o Goi\u00e1s"},"526290":{"titulo":"Clima de guerra marca o 'Day After' no Cear\u00e1 que n\u00e3o vence h\u00e1 oito jogos na S\u00e9rie B","link":"https:\/\/www.futebolinterior.com.br\/clima-de-guerra-marca-o-day-after-no-ceara-que-nao-vence-ha-oito-jogos-na-serie-b\/","chapeu":"DAY AFTER ","data":"14\/09\/2016","imagem":"https:\/\/images.futebolinterior.com.br\/2021\/04\/0002050195297_img-300x273.png","resumo":"Teve protesto da torcida, muito policiamento, prensa nos jogadores e \"aperta a m\u00e3o\" de t\u00e9cnico no alambrado"}}