{"523972":{"titulo":"S\u00e9rie B: Refor\u00e7os s\u00e3o regularizados e ficam \u00e0 disposi\u00e7\u00e3o no Vila Nova","link":"https:\/\/www.futebolinterior.com.br\/serie-b-reforcos-sao-regularizados-e-ficam-a-disposicao-no-vila-nova\/","chapeu":"BOA NOT\u00cdCIA","data":"22\/09\/2016","imagem":"https:\/\/images.futebolinterior.com.br\/2021\/04\/0002050197415_img-300x225.jpg","resumo":"O lateral-esquerdo Cristiano e o meia Alo\u00edsio foram apresentados oficialmente nesta quinta-feira"},"524297":{"titulo":"S\u00e9rie D: Atacante do Atl\u00e9tico-GO revela interesse em retornar ao CSA","link":"https:\/\/www.futebolinterior.com.br\/serie-d-atacante-do-atletico-go-revela-interesse-em-retornar-ao-csa\/","chapeu":"O BOM FILHO...","data":"22\/09\/2016","imagem":"https:\/\/images.futebolinterior.com.br\/2021\/04\/0002050197412_img-273x300.jpg","resumo":"E o time azulino j\u00e1 est\u00e1 pr\u00f3ximo de acertar a repatria\u00e7\u00e3o do atacante Luis Soares, que disputou o Campeonato Alagoano no in\u00edcio de 2016 com a camisa do CSA"},"523992":{"titulo":"S\u00e9rie B: Marquinhos pede ajuda da torcida para melhorar situa\u00e7\u00e3o financeira do Ava\u00ed","link":"https:\/\/www.futebolinterior.com.br\/serie-b-marquinhos-pede-ajuda-da-torcida-para-melhorar-situacao-financeira-do-avai\/","chapeu":"APELO","data":"22\/09\/2016","imagem":"https:\/\/images.futebolinterior.com.br\/2021\/04\/0002050197406_img-300x170.jpg","resumo":"O clube catarinense vem encontrando muitas dificuldades para honrar com seus compromissos"},"524012":{"titulo":"Ex-Palmeiras rescinde com o Goi\u00e1s na S\u00e9rie B e coloca futuro em cheque","link":"https:\/\/www.futebolinterior.com.br\/ex-palmeiras-rescinde-com-o-goias-na-serie-b-e-coloca-futuro-em-cheque\/","chapeu":"TRISTE","data":"22\/09\/2016","imagem":"https:\/\/images.futebolinterior.com.br\/2021\/04\/0002050197387_img-300x206.jpg","resumo":"Anunciado como principal contrata\u00e7\u00e3o para a temporada, o meia Daniel Carvalho anunciou em sua conta oficial no Instagram nesta quinta-feira que est\u00e1 de sa\u00edda do Goi\u00e1s"},"523988":{"titulo":"S\u00e9rie B: Precisando vencer, Fl\u00e1vio Ara\u00fajo faz mist\u00e9rio no Sampaio Corr\u00eaa","link":"https:\/\/www.futebolinterior.com.br\/serie-b-precisando-vencer-flavio-araujo-faz-misterio-no-sampaio-correa\/","chapeu":"QUEM ENTRA?","data":"22\/09\/2016","imagem":"https:\/\/images.futebolinterior.com.br\/2021\/04\/0002050197377_img-300x215.jpg","resumo":"J\u00e1 em Florian\u00f3polis para o confronto diante do Crici\u00fama, nesta sexta-feira, \u00e0s 19h15, o Sampaio Corr\u00eaa realiza os \u00faltimos ajustes para entrar em campo"},"524133":{"titulo":"S\u00e9rie B: Crici\u00fama treina sem Edson e Roberto Cavalo pode testar Zilio","link":"https:\/\/www.futebolinterior.com.br\/serie-b-criciuma-treina-sem-edson-e-roberto-cavalo-pode-testar-zilio\/","chapeu":"MUDAN\u00c7AS","data":"22\/09\/2016","imagem":"https:\/\/images.futebolinterior.com.br\/2021\/04\/0002050197170_img-300x199.jpg","resumo":"O Crici\u00fama treinou forte na manh\u00e3 desta quarta-feira no Centro de Treinamento do Cristo Redentor"},"524531":{"titulo":"S\u00e9rie B: Joinville tem pelo menos duas mudan\u00e7as confirmadas em campo","link":"https:\/\/www.futebolinterior.com.br\/serie-b-joinville-tem-pelo-menos-duas-mudancas-confirmadas-em-campo\/","chapeu":"QUEM ENTRA?","data":"22\/09\/2016","imagem":"https:\/\/images.futebolinterior.com.br\/2021\/04\/0002050197165_img-300x200.jpg","resumo":"O Joinville ter\u00e1 a volta de um jogador importante para a partida desta sexta-feira contra o Ava\u00ed, na Arena Joinville"},"524385":{"titulo":"Zagueiro 'segue passos de Chulapa' e vira personalidade no Instagram","link":"https:\/\/www.futebolinterior.com.br\/zagueiro-segue-passos-de-chulapa-e-vira-personalidade-no-instagram\/","chapeu":"'MEUS QUERIDOS'","data":"22\/09\/2016","imagem":0,"resumo":"A internet costuma fazer \u00eddolos no futebol, independente da atua\u00e7\u00e3o dentro dos gramados"},"524395":{"titulo":"S\u00e9rie B: Paysandu desafia retrospecto contra o Bragantino no Mangueir\u00e3o","link":"https:\/\/www.futebolinterior.com.br\/serie-b-paysandu-desafia-retrospecto-contra-o-bragantino-no-mangueirao\/","chapeu":"CONFIRA!","data":"22\/09\/2016","imagem":"https:\/\/images.futebolinterior.com.br\/2021\/04\/0002050197359_img-300x202.jpg","resumo":"A equipe paraense aparece na 14\u00aa posi\u00e7\u00e3o da tabela de classifica\u00e7\u00e3o, enquanto que o Massa Bruta abre o Z4, com 27 pontos"},"524092":{"titulo":"S\u00e9rie B: Buscando ser titular, Cl\u00e9o quer Goi\u00e1s ligado para bater o Oeste fora de casa","link":"https:\/\/www.futebolinterior.com.br\/serie-b-buscando-ser-titular-cleo-quer-goias-ligado-para-bater-o-oeste-fora-de-casa\/","chapeu":"SEM PESTANEJAR!","data":"22\/09\/2016","imagem":"https:\/\/images.futebolinterior.com.br\/2021\/04\/0002050197311_img-300x249.jpg","resumo":"Atacante espera grande apresenta\u00e7\u00e3o goiana no interior paulista, partida acontece nesta sexta na Arena Barueri "}}