{"523873":{"titulo":"S\u00e9rie B: Guto Ferreira despista sobre altera\u00e7\u00f5es no Bahia: \"tudo pode acontecer\"","link":"https:\/\/www.futebolinterior.com.br\/serie-b-guto-ferreira-despista-sobre-alteracoes-no-bahia-tudo-pode-acontecer\/","chapeu":"PARA VARIAR","data":"22\/09\/2016","imagem":"https:\/\/images.futebolinterior.com.br\/2021\/04\/0002050197478_img-300x209.jpg","resumo":"Apesar do mist\u00e9rio, o Tricolor deve ser praticamente o mesmo que ganhou do Goi\u00e1s na \u00faltima rodada"},"524265":{"titulo":"S\u00e9rie B: Apresentado, Ricardinho mostra otimismo em tirar Tupi do rebaixamento","link":"https:\/\/www.futebolinterior.com.br\/serie-b-apresentado-ricardinho-mostra-otimismo-em-tirar-tupi-do-rebaixamento\/","chapeu":"AGORA VAI?","data":"22\/09\/2016","imagem":"https:\/\/images.futebolinterior.com.br\/2021\/04\/0002050197475_img-300x142.jpg","resumo":"O ex-jogador comandou o primeiro treinamento nesta quinta-feira e vai estrear no s\u00e1bado"},"523896":{"titulo":"Joinville x Ava\u00ed - Cl\u00e1ssico dos opostos tem estreia no banco","link":"https:\/\/www.futebolinterior.com.br\/joinville-x-avai-classico-dos-opostos-tem-estreia-no-banco\/","chapeu":"VAI PEGAR FOGO","data":"22\/09\/2016","imagem":"https:\/\/images.futebolinterior.com.br\/2021\/04\/0002050197466_img-300x200.jpg","resumo":"Ramon Menezes foi contratado para o lugar de Lisca com a miss\u00e3o de livrar o JEC do rebaixamento"},"525163":{"titulo":"Oeste x Goi\u00e1s - Quem vai continuar namorando o Z4?","link":"https:\/\/www.futebolinterior.com.br\/oeste-x-goias-quem-vai-continuar-namorando-o-z4\/","chapeu":"VALE 6 PONTOS","data":"22\/09\/2016","imagem":"https:\/\/images.futebolinterior.com.br\/2021\/04\/0002050197457_img-300x170.jpg","resumo":"Os dois times est\u00e3o empatados com 31 muitos e pr\u00f3ximos da zona de rebaixamento"},"524295":{"titulo":"S\u00e9rie B: Na volta para Barueri, Oeste tenta encerrar jejum de vit\u00f3rias","link":"https:\/\/www.futebolinterior.com.br\/serie-b-na-volta-para-barueri-oeste-tenta-encerrar-jejum-de-vitorias\/","chapeu":"VAI DAR SORTE?","data":"22\/09\/2016","imagem":"https:\/\/images.futebolinterior.com.br\/2021\/04\/0002050197451_img-300x269.jpg","resumo":"O \u00faltimo resultado positivo do Rubr\u00e3o foi justamente atuando na Arena Barueri"},"524336":{"titulo":"Crici\u00fama x Sampaio Corr\u00eaa - Carvoeiro de olho no G4!","link":"https:\/\/www.futebolinterior.com.br\/criciuma-x-sampaio-correa-carvoeiro-de-olho-no-g4\/","chapeu":"PRA FRENTE","data":"22\/09\/2016","imagem":"https:\/\/images.futebolinterior.com.br\/2021\/04\/0002050197420_img-300x179.jpg","resumo":"O Crici\u00fama est\u00e1 a uma vit\u00f3ria de voltar ao G4 do Campeonato Brasileiro da S\u00e9rie B, pelo menos provisoriamente"},"524250":{"titulo":"S\u00e9rie B: Sem ganhar h\u00e1 dez jogos, Cear\u00e1 tem retornos importantes para encerrar jejum","link":"https:\/\/www.futebolinterior.com.br\/serie-b-sem-ganhar-ha-dez-jogos-ceara-tem-retornos-importantes-para-encerrar-jejum\/","chapeu":"A\u00cd SIM","data":"22\/09\/2016","imagem":"https:\/\/images.futebolinterior.com.br\/2021\/04\/0002050197444_img-300x200.jpg","resumo":"O goleiro \u00c9verson e o volante Richardson cumpriram suspens\u00e3o autom\u00e1tica na \u00faltima rodada"},"524316":{"titulo":"S\u00e9rie B: Com duas d\u00favidas, Givanildo Oliveira adota mist\u00e9rio no N\u00e1utico","link":"https:\/\/www.futebolinterior.com.br\/serie-b-com-duas-duvidas-givanildo-oliveira-adota-misterio-no-nautico\/","chapeu":"INDEFINIDO","data":"22\/09\/2016","imagem":"https:\/\/images.futebolinterior.com.br\/2021\/04\/0002050197440_img-300x225.jpg","resumo":"Rodrigo Souza e Renan Oliveira brigam por vaga no meio, enquanto B\u00e9rgson e Yuri Mamute s\u00e3o as d\u00favidas no ataque"},"524031":{"titulo":"S\u00c9RIE B: Ava\u00ed e Crici\u00fama jogam pelo G4, enquanto Goi\u00e1s e Oeste temem degola","link":"https:\/\/www.futebolinterior.com.br\/serie-b-avai-e-criciuma-jogam-pelo-g4-enquanto-goias-e-oeste-temem-degola\/","chapeu":"BRIGA BOA","data":"22\/09\/2016","imagem":"https:\/\/images.futebolinterior.com.br\/2021\/04\/0002050197373_img-300x200.jpg","resumo":"Com a melhor campanha do segundo turno, o Ava\u00ed volta a campo nesta sexta-feira, 23, para retornar ao G4 do Campeonato Brasileiro da S\u00e9rie B"},"523927":{"titulo":"S\u00e9rie B: Brasil de Pelotas viaja para Juiz de Fora com time indefinido","link":"https:\/\/www.futebolinterior.com.br\/serie-b-brasil-de-pelotas-viaja-para-juiz-de-fora-com-time-indefinido\/","chapeu":"MIST\u00c9RIO","data":"22\/09\/2016","imagem":"https:\/\/images.futebolinterior.com.br\/2021\/04\/0002050197423_img-300x200.jpg","resumo":"O t\u00e9cnico Rog\u00e9rio Zimmermann n\u00e3o vai poder contas com os suspensos Leandro Leite e Diogo Oliveira"}}