{"523692":{"titulo":"Vasco x Atl\u00e9tico-GO - Final antecipada na S\u00e9rie B?","link":"https:\/\/www.futebolinterior.com.br\/vasco-x-atletico-go-final-antecipada-na-serie-b\/","chapeu":"OS PONTA","data":"23\/09\/2016","imagem":"https:\/\/images.futebolinterior.com.br\/2021\/04\/0002050197653_img-300x202.jpg","resumo":"Os dois times entram em campo empatados em pontos, com o Cruz-maltino na lideran\u00e7a, mas o Drag\u00e3o toma o posto em caso de vit\u00f3ria."},"523720":{"titulo":"S\u00e9rie B: Luan elogia o Atl\u00e9tico-GO, mas garante: 'Vasco ser\u00e1 campe\u00e3o'","link":"https:\/\/www.futebolinterior.com.br\/serie-b-luan-elogia-o-atletico-go-mas-garante-vasco-sera-campeao\/","chapeu":"DEU A PALAVRA","data":"23\/09\/2016","imagem":"https:\/\/images.futebolinterior.com.br\/2021\/04\/0002050197647_img-300x200.jpg","resumo":"'N\u00f3s vamos ser campe\u00f5es e subir o mais r\u00e1pido poss\u00edvel para a S\u00e9rie A', disse nesta sexta o zagueiro"},"523661":{"titulo":"S\u00e9rie B: Com muitas baixas, Paysandu deve alterar esquema t\u00e1tico","link":"https:\/\/www.futebolinterior.com.br\/serie-b-com-muitas-baixas-paysandu-deve-alterar-esquema-tatico\/","chapeu":"\u00c9 O JEITO","data":"23\/09\/2016","imagem":"https:\/\/images.futebolinterior.com.br\/2021\/04\/0002050197645_img-300x238.jpg","resumo":"No coletivo desta sexta-feira, Dado Cavalcanti escalou o Pap\u00e3o com tr\u00eas atacantes"},"523713":{"titulo":"S\u00e9rie B: Bancado por Chedid, Marcelo Veiga tem baixas no Bragantino","link":"https:\/\/www.futebolinterior.com.br\/serie-b-bancado-por-chedid-marcelo-veiga-tem-baixas-no-bragantino\/","chapeu":"EITA","data":"23\/09\/2016","imagem":"https:\/\/images.futebolinterior.com.br\/2021\/04\/0002050197624_img-300x211.jpg","resumo":"O volante Gabriel Dias, suspenso, e o atacante Marc\u00e3o, lesionado, est\u00e3o de fora"},"524014":{"titulo":"S\u00e9rie B: Londrina apresenta refor\u00e7o e Tencati n\u00e3o faz mist\u00e9rio sobre o time","link":"https:\/\/www.futebolinterior.com.br\/serie-b-londrina-apresenta-reforco-e-tencati-nao-faz-misterio-sobre-o-time\/","chapeu":"BOA!","data":"23\/09\/2016","imagem":"https:\/\/images.futebolinterior.com.br\/2021\/04\/0002050197623_img-300x225.jpg","resumo":"A diretoria do Londrina apresentou na tarde da \u00faltima quarta-feira, durante realiza\u00e7\u00e3o de entrevista coletiva, um novo refor\u00e7o para a reta final da S\u00e9rie B"},"524117":{"titulo":"S\u00e9rie B: Boc\u00e3o consegue recurso no STJD e CRB tem mudan\u00e7as em campo","link":"https:\/\/www.futebolinterior.com.br\/serie-b-bocao-consegue-recurso-no-stjd-e-crb-tem-mudancas-em-campo\/","chapeu":"FERA","data":"23\/09\/2016","imagem":"https:\/\/images.futebolinterior.com.br\/2021\/04\/0002050197620_img-300x225.jpg","resumo":"O Superior Tribunal de Justi\u00e7a Desportiva (STJD) concedeu na \u00faltima quinta-feira o efeito suspensivo para o lateral-direito Boc\u00e3o, do CRB"},"523738":{"titulo":"S\u00e9rie B: Atl\u00e9tico-GO tem apenas um desfalque para 'final' com o Vasco","link":"https:\/\/www.futebolinterior.com.br\/serie-b-atletico-go-tem-apenas-um-desfalque-para-final-com-o-vasco\/","chapeu":"CALMA","data":"23\/09\/2016","imagem":"https:\/\/images.futebolinterior.com.br\/2021\/04\/0002050197603_img-300x249.jpg","resumo":"O Atl\u00e9tico-GO realizou a \u00faltima atividade antes do pr\u00f3ximo compromisso pela S\u00e9rie B do Campeonato Brasileiro"},"524998":{"titulo":"S\u00e9rie B: Paran\u00e1 perde zagueiro, mas Martelotte tem volta de suspensos","link":"https:\/\/www.futebolinterior.com.br\/serie-b-parana-perde-zagueiro-mas-martelotte-tem-volta-de-suspensos\/","chapeu":"MUDAN\u00c7AS","data":"23\/09\/2016","imagem":"https:\/\/images.futebolinterior.com.br\/2021\/04\/0002050197600_img-300x169.jpg","resumo":"O t\u00e9cnico Marcelo Martelotte finalizou na manh\u00e3 desta sexta-feira, no CT Ninho da Gralha, a prepara\u00e7\u00e3o da equipe que encara o N\u00e1utico neste s\u00e1bado, \u00e0s 16h20, na Vila Capanema"},"523825":{"titulo":"S\u00e9rie B: De olho no G4, Crici\u00fama desafia retrospecto e tabu diante o Sampaio Corr\u00eaa","link":"https:\/\/www.futebolinterior.com.br\/serie-b-de-olho-no-g4-criciuma-desafia-retrospecto-e-tabu-diante-o-sampaio-correa\/","chapeu":"PRA ENCOSTAR! ","data":"23\/09\/2016","imagem":"https:\/\/images.futebolinterior.com.br\/2021\/04\/0002050197543_img-300x246.jpg","resumo":"Maranhenses ganharam cinco das sete partidas disputadas entre os clubes, o Tigre venceu apenas uma vez "},"525095":{"titulo":"S\u00e9rie B: Edson Ratinho quer vit\u00f3ria do Paysandu sobre o Bragantino","link":"https:\/\/www.futebolinterior.com.br\/serie-b-edson-ratinho-quer-vitoria-do-paysandu-sobre-o-bragantino\/","chapeu":"NECESS\u00c1RIO! ","data":"23\/09\/2016","imagem":"https:\/\/images.futebolinterior.com.br\/2021\/04\/0002050197524_img-300x200.jpg","resumo":"Lateral enfatiza que o Pap\u00e3o n\u00e3o tem outra op\u00e7\u00e3o, ele ressalta que o elenco esta empenhado para obter os resultados necess\u00e1rios "}}