{"523050":{"titulo":"S\u00e9rie B: Goi\u00e1s adota lei do sil\u00eancio e fecha treinamentos","link":"https:\/\/www.futebolinterior.com.br\/serie-b-goias-adota-lei-do-silencio-e-fecha-treinamentos\/","chapeu":"ABSURDO","data":"28\/09\/2016","imagem":"https:\/\/images.futebolinterior.com.br\/2021\/04\/0002050198489_img-300x170.jpg","resumo":"A medida foi tomada pela diretoria depois de algumas cr\u00edticas feitas pela imprensa"},"522676":{"titulo":"S\u00e9rie B: Com objetivo quase alcan\u00e7ado, Brasil foca no acesso","link":"https:\/\/www.futebolinterior.com.br\/serie-b-com-objetivo-quase-alcancado-brasil-foca-no-acesso\/","chapeu":"A\u00cd SIM","data":"28\/09\/2016","imagem":"https:\/\/images.futebolinterior.com.br\/2021\/04\/0002050198475_img-300x200.jpg","resumo":"O Xavante tem 44 pontos e est\u00e1 a dois de atingir a meta tra\u00e7ada pela comiss\u00e3o t\u00e9cnica para escapar do rebaixamento"},"523947":{"titulo":"S\u00e9rie B: Cear\u00e1 chega a 11 jogos sem vencer e S\u00e9rgio Soares continua no cargo","link":"https:\/\/www.futebolinterior.com.br\/serie-b-ceara-chega-a-11-jogos-sem-vencer-e-sergio-soares-continua-no-cargo\/","chapeu":"AT\u00c9 QUANDO?","data":"28\/09\/2016","imagem":"https:\/\/images.futebolinterior.com.br\/2021\/04\/0002050198443_img-300x177.jpg","resumo":"Reuni\u00e3o nesta quarta-feira pode sacramentar a sa\u00edda do contestado comandante"},"523957":{"titulo":"S\u00c9RIE B: Brasil entra no G4 e afunda Cear\u00e1; Atl\u00e9tico-GO trope\u00e7a","link":"https:\/\/www.futebolinterior.com.br\/serie-b-brasil-entra-no-g4-e-afunda-ceara-atletico-go-tropeca\/","chapeu":"QUE NOITE","data":"27\/09\/2016","imagem":"https:\/\/images.futebolinterior.com.br\/2021\/04\/0002050198439_img-300x200.jpg","resumo":"Sem ganhar h\u00e1 11 jogos, S\u00e9rgio Soares dificilmente vai permanecer no comando do Voz\u00e3o"},"522758":{"titulo":"Brasil de Pelotas 2 x 1 Cear\u00e1 - Bota na conta do Papa!","link":"https:\/\/www.futebolinterior.com.br\/brasil-de-pelotas-2-x-1-ceara-bota-na-conta-do-papa\/","chapeu":"SUBINDO","data":"27\/09\/2016","imagem":0,"resumo":"Experiente centroavante marca duas vezes de p\u00eanalti e recoloca o Xavante no G4 da S\u00e9rie B"},"523161":{"titulo":"S\u00e9rie B: \u00c9derson diz que Vasco tem pressa em garantir retorno \u00e0 S\u00e9rie A","link":"https:\/\/www.futebolinterior.com.br\/serie-b-ederson-diz-que-vasco-tem-pressa-em-garantir-retorno-a-serie-a\/","chapeu":"N\u00c3O V\u00ca A HORA","data":"27\/09\/2016","imagem":"https:\/\/images.futebolinterior.com.br\/2021\/04\/0002050198425_img-300x200.jpg","resumo":" Para o atacante \u00c9derson, a dist\u00e2ncia ainda \u00e9 pequena porque o time carioca tem pressa em garantir o retorno \u00e0 S\u00e9rie A. "},"522748":{"titulo":"Atl\u00e9tico-GO 1 x 1 Joinville - Drag\u00e3o perde o f\u00f4lego e vacila na estreia do Ol\u00edmpico","link":"https:\/\/www.futebolinterior.com.br\/atletico-go-1-x-1-joinville-dragao-perde-o-folego-e-vacila-na-estreia-do-olimpico\/","chapeu":"EMPATE DO\u00cdDO","data":"27\/09\/2016","imagem":0,"resumo":"A reestreia do est\u00e1dio Ol\u00edmpico Pedro Ludovico n\u00e3o acabou como esperava o torcedor do Atl\u00e9tico-GO na S\u00e9rie B do Campeonato Brasileiro"},"522992":{"titulo":"S\u00e9rie B: Gols no fim dos jogos ligam sinal de alerta no Tupi","link":"https:\/\/www.futebolinterior.com.br\/serie-b-gols-no-fim-dos-jogos-ligam-sinal-de-alerta-no-tupi\/","chapeu":"QUE DRAMA","data":"27\/09\/2016","imagem":"https:\/\/images.futebolinterior.com.br\/2021\/04\/0002050198417_img.jpg","resumo":"O atacante Giancarlo disse que o momento ruim deixa o elenco receoso nos minutos finais"},"523986":{"titulo":"S\u00e9rie B: Roberto Fernandes cita Guardiola na sua apresenta\u00e7\u00e3o oficial","link":"https:\/\/www.futebolinterior.com.br\/serie-b-roberto-fernandes-cita-guardiola-na-sua-apresentacao-oficial\/","chapeu":"QUE MORAL","data":"27\/09\/2016","imagem":"https:\/\/images.futebolinterior.com.br\/2021\/04\/0002050198415_img-300x172.jpg","resumo":"O comandante estreia na quinta-feira e deve mexer o menos poss\u00edvel na escala\u00e7\u00e3o"},"523258":{"titulo":"CBF muda comando da arbitragem: sai S\u00e9rgio Corr\u00eaa, entra Coronel Marinho","link":"https:\/\/www.futebolinterior.com.br\/cbf-muda-comando-da-arbitragem-sai-sergio-correa-entra-coronel-marinho\/","chapeu":"CHACOALH\u00c3O","data":"27\/09\/2016","imagem":"https:\/\/images.futebolinterior.com.br\/2021\/04\/0002050198362_img-300x167.jpg","resumo":"Os homens do apito v\u00eam cometendo in\u00fameros erros no futebol brasileiro e est\u00e3o sendo constantemente questionados"}}