{"613080":{"titulo":"S\u00e9rie B: Yago Pikachu orienta Paysandu sobre os cuidados contra Atl\u00e9tico-GO","link":"https:\/\/www.futebolinterior.com.br\/serie-b-yago-pikachu-orienta-paysandu-sobre-os-cuidados-contra-atletico-go\/","chapeu":"FOCO!","data":"30\/09\/2015","imagem":"https:\/\/images.futebolinterior.com.br\/2021\/04\/0002050117973_img-300x225.jpg","resumo":"O Pap\u00e3o pode deixar o G4 em caso de derrota no Est\u00e1dio Serra Dourada"},"613095":{"titulo":"S\u00e9rie B: Jorge Wager, do Vit\u00f3ria, garante que uni\u00e3o do grupo era fundamental para vencer o Bahia","link":"https:\/\/www.futebolinterior.com.br\/serie-b-jorge-wager-do-vitoria-garante-que-uniao-do-grupo-era-fundamental-para-vencer-o-bahia\/","chapeu":"VAI PRA CIMA!","data":"30\/09\/2015","imagem":"https:\/\/images.futebolinterior.com.br\/2021\/04\/0002050117961_img-300x213.jpg","resumo":"O Le\u00e3o enfrenta o arquirrival neste s\u00e1bado na Arena Fonte Nova"},"613103":{"titulo":"S\u00e9rie B: Andr\u00e9 Lima pode refor\u00e7ar Botafogo de gra\u00e7a em 2016","link":"https:\/\/www.futebolinterior.com.br\/serie-b-andre-lima-pode-reforcar-botafogo-de-graca-em-2016\/","chapeu":"VELHO CONHECIDO NA PAUTA!","data":"30\/09\/2015","imagem":"https:\/\/images.futebolinterior.com.br\/2021\/04\/0002050117954_img-300x200.jpg","resumo":"Velho conhecido da torcida botafoguense, Andr\u00e9 Lima tem contrato com o Ava\u00ed at\u00e9 dezembro e, por isso, retornaria sem custos ao Glorioso"},"613111":{"titulo":"S\u00e9rie B: L\u00e9o Cond\u00e9 fecha treino e promete Sampaio forte contra Botafogo","link":"https:\/\/www.futebolinterior.com.br\/serie-b-leo-conde-fecha-treino-e-promete-sampaio-forte-contra-botafogo\/","chapeu":"FALA PROFESSOR!","data":"30\/09\/2015","imagem":"https:\/\/images.futebolinterior.com.br\/2021\/04\/0002050117945_img-300x225.jpg","resumo":"A Bol\u00edvia Querida enfrenta o Fog\u00e3o neste s\u00e1bado, \u00e0s 21h, no Castel\u00e3o"},"613124":{"titulo":"S\u00e9rie B: Ba-Vi j\u00e1 tem mais de 22 mil ingressos vendidos","link":"https:\/\/www.futebolinterior.com.br\/serie-b-ba-vi-ja-tem-mais-de-22-mil-ingressos-vendidos\/","chapeu":"VAI LOTAR!","data":"30\/09\/2015","imagem":"https:\/\/images.futebolinterior.com.br\/2021\/04\/0002050117940_img-300x195.jpg","resumo":"A partida vale uma vaga entre os quatro primeiros colocados. O Le\u00e3o \u00e9 vice-l\u00edder e o Tricolor fecha em quinto"},"613126":{"titulo":"Bahia supera Palmeiras e Corinthians e tem o melhor ataque de 2015","link":"https:\/\/www.futebolinterior.com.br\/bahia-supera-palmeiras-e-corinthians-e-tem-o-melhor-ataque-de-2015\/","chapeu":"CONFIRA TOP 10!","data":"30\/09\/2015","imagem":"https:\/\/images.futebolinterior.com.br\/2021\/04\/0002050117938_img-300x177.jpg","resumo":"O Verd\u00e3o, que tem a melhor pontaria do Brasileir\u00e3o, est\u00e1 empatado com Botafogo, Sport e Corinthians com 94 gols"},"613150":{"titulo":"S\u00e9rie B: Horas depois de demitir Marcelo Cabo, Cear\u00e1 confirma Lisca","link":"https:\/\/www.futebolinterior.com.br\/serie-b-horas-depois-de-demitir-marcelo-cabo-ceara-confirma-lisca\/","chapeu":"NOVO COMANDO!","data":"30\/09\/2015","imagem":"https:\/\/images.futebolinterior.com.br\/2021\/04\/0002050117914_img-300x200.jpg","resumo":"O treinador, que \u00e9 conhecido por sua forma irreverente, deve ser apresentado nesta quarta-feira"},"613170":{"titulo":"S\u00c9RIE B: Santa Cruz bate no Bragantino e entra no G4, enquanto Cear\u00e1 perde do Luverdense e manda Marcelo Cabo embora","link":"https:\/\/www.futebolinterior.com.br\/serie-b-santa-cruz-bate-no-bragantino-e-entra-no-g4-enquanto-ceara-perde-do-luverdense-e-manda-marcelo-cabo-embora\/","chapeu":"TEM TIME NOVO NO G4 ","data":"29\/09\/2015","imagem":"https:\/\/images.futebolinterior.com.br\/2021\/04\/0002050117890_img-300x168.jpg","resumo":"Cear\u00e1 vai de mal a pior: perdeu em casa para o Luverdense, por 1 a 0. Ap\u00f3s o jogo, finalmente, os dirigentes cearenses o t\u00e9cnico Marcelo Cabo, uma ex-promessa"},"613172":{"titulo":"S\u00e9rie B: Ricardinho assume culpa por derrota do Cear\u00e1 e desabafa: \"vai ser dif\u00edcil dormir\"","link":"https:\/\/www.futebolinterior.com.br\/serie-b-ricardinho-assume-culpa-por-derrota-do-ceara-e-desabafa-vai-ser-dificil-dormir\/","chapeu":"O \u00daNICO!","data":"29\/09\/2015","imagem":"https:\/\/images.futebolinterior.com.br\/2021\/04\/0002050117884_img-300x177.jpg","resumo":"O meia falou que os jogadores entraram nessa situa\u00e7\u00e3o e s\u00e3o eles que tem que sair"},"613176":{"titulo":"S\u00e9rie B: Demorou muito, mas, enfim, Cear\u00e1 demite Marcelo Cabo","link":"https:\/\/www.futebolinterior.com.br\/serie-b-demorou-muito-mas-enfim-ceara-demite-marcelo-cabo\/","chapeu":"FOI TARDE !","data":"29\/09\/2015","imagem":"https:\/\/images.futebolinterior.com.br\/2021\/04\/0002050117882_img-300x177.jpg","resumo":"O treinador chegou com moral, ap\u00f3s o bom trabalho no Maca\u00e9, mas n\u00e3o conquistou os resultados esperados"}}