{"613180":{"titulo":"Cear\u00e1 0 x 1 Luverdense - Voz\u00e3o cai em casa e LEC segue sonhando com acesso","link":"https:\/\/www.futebolinterior.com.br\/ceara-0-x-1-luverdense-vozao-cai-em-casa-e-lec-segue-sonhando-com-acesso\/","chapeu":"AINDA D\u00c1!","data":"29\/09\/2015","imagem":0,"resumo":"O clube cearense j\u00e1 soma cinco jogos sem vit\u00f3rias e acabou ficando muito longe de escapar dessa situa\u00e7\u00e3o"},"613183":{"titulo":"Santa Cruz 3 x 1 Bragantino - Santa vence confronto direto e entra no G4 provisoriamente","link":"https:\/\/www.futebolinterior.com.br\/santa-cruz-3-x-1-bragantino-santa-vence-confronto-direto-e-entra-no-g4-provisoriamente\/","chapeu":"SUBINDO!","data":"29\/09\/2015","imagem":0,"resumo":"Luisinho foi o nome do jogo, participando dos tr\u00eas gols da equipe pernambucana no Est\u00e1dio do Arruda"},"613204":{"titulo":"S\u00e9rie B: Crici\u00fama renova com a promessa de apenas 19 anos, Barreto, at\u00e9 2018","link":"https:\/\/www.futebolinterior.com.br\/serie-b-criciuma-renova-com-a-promessa-de-apenas-19-anos-barreto-ate-2018\/","chapeu":"FECHADO","data":"29\/09\/2015","imagem":"https:\/\/images.futebolinterior.com.br\/2021\/04\/0002050117851_img-300x200.jpg","resumo":"O volante vem sendo um dos destaques do time na competi\u00e7\u00e3o"},"613206":{"titulo":"S\u00e9rie B: De olho no Botafogo, Sampaio goleia Boa Vontade em amistoso","link":"https:\/\/www.futebolinterior.com.br\/serie-b-de-olho-no-botafogo-sampaio-goleia-boa-vontade-em-amistoso\/","chapeu":"VOANDO!","data":"29\/09\/2015","imagem":"https:\/\/images.futebolinterior.com.br\/2021\/04\/0002050117849_img-300x225.jpg","resumo":"A Bol\u00edvia Querida se prepara para encarar o Fog\u00e3o, advers\u00e1rio direto pelo acesso"},"613210":{"titulo":"S\u00e9rie B: F\u00e1bio Sanchez, do Mogi Mirim, projeta duelo contra Am\u00e9rica-MG: \u201cagora \u00e9 matar ou morrer\u201d","link":"https:\/\/www.futebolinterior.com.br\/serie-b-fabio-sanchez-do-mogi-mirim-projeta-duelo-contra-america-mg-agora-e-matar-ou-morrer\/","chapeu":"VAI COM TUDO","data":"29\/09\/2015","imagem":"https:\/\/images.futebolinterior.com.br\/2021\/04\/0002050117847_img-300x144.jpg","resumo":"O Sap\u00e3o est\u00e1 em situa\u00e7\u00e3o delicada e precisa arrancar para se livrar do rebaixamento"},"613214":{"titulo":"S\u00e9rie B: Walber sente les\u00e3o e pode desfalcar Am\u00e9rica-MG contra Mogi Mirim","link":"https:\/\/www.futebolinterior.com.br\/serie-b-walber-sente-lesao-e-pode-desfalcar-america-mg-contra-mogi-mirim\/","chapeu":"XI...","data":"29\/09\/2015","imagem":"https:\/\/images.futebolinterior.com.br\/2021\/04\/0002050117844_img.jpg","resumo":"O jogador teve uma les\u00e3o na coxa e passar\u00e1 por exames nesta quarta-feira"},"613232":{"titulo":"S\u00e9rie B: Renan Fonseca descarta les\u00e3o e confirma que refor\u00e7a o Botafogo na sexta","link":"https:\/\/www.futebolinterior.com.br\/serie-b-renan-fonseca-descarta-lesao-e-confirma-que-reforca-o-botafogo-na-sexta\/","chapeu":"CONFIRMADO!","data":"29\/09\/2015","imagem":"https:\/\/images.futebolinterior.com.br\/2021\/04\/0002050117821_img-300x244.jpg","resumo":"O jogador chegou a ser poupado do treino da \u00faltima segunda-feira, mas voltou a trabalhar normalmente nesta ter\u00e7a e garantiu que estar\u00e1 em campo. "},"613236":{"titulo":"S\u00e9rie B: Zagueiro do Maca\u00e9 n\u00e3o se incomoda com disputa por posi\u00e7\u00e3o","link":"https:\/\/www.futebolinterior.com.br\/serie-b-zagueiro-do-macae-nao-se-incomoda-com-disputa-por-posicao\/","chapeu":"DENTRO DA DISPUTA!","data":"29\/09\/2015","imagem":"https:\/\/images.futebolinterior.com.br\/2021\/04\/0002050117818_img-300x200.jpg","resumo":"Ramon foi contratado para a disputa da Copa Rio mas se firmou como titular do Le\u00e3o na S\u00e9rie B com as les\u00f5es dos outros defensores"},"613249":{"titulo":"S\u00e9rie B: Capit\u00e3o do Vit\u00f3ria, Pedro Ken, quer atitude no cl\u00e1ssico: \"Respeitamos, mas vamos buscar os tr\u00eas pontos\"","link":"https:\/\/www.futebolinterior.com.br\/serie-b-capitao-do-vitoria-pedro-ken-quer-atitude-no-classico-respeitamos-mas-vamos-buscar-os-tres-pontos\/","chapeu":"BA-VI \u00c0 VISTA!","data":"29\/09\/2015","imagem":"https:\/\/images.futebolinterior.com.br\/2021\/04\/0002050117812_img-300x256.jpg","resumo":"O Le\u00e3o j\u00e1 atuou duas vezes na Fonte Nova na competi\u00e7\u00e3o, mas ser\u00e1 a primeira como visitante"},"613305":{"titulo":"S\u00e9rie B: Dirigente do Paran\u00e1 nega trai\u00e7\u00e3o na demiss\u00e3o de Fernando Diniz e confirma interino at\u00e9 o final do ano","link":"https:\/\/www.futebolinterior.com.br\/serie-b-dirigente-do-parana-nega-traicao-na-demissao-de-fernando-diniz-e-confirma-interino-ate-o-final-do-ano\/","chapeu":"TRAIDOR? EU N\u00c3O!","data":"29\/09\/2015","imagem":"https:\/\/images.futebolinterior.com.br\/2021\/04\/0002050117768_img-300x200.jpg","resumo":"Superintendente do Tricolor, Vav\u00e1 explicou que o treinador n\u00e3o se encaixou no perfil do clube"}}