{"612807":{"titulo":"S\u00e9rie B: Em alta no CRB, Mazola J\u00fanior mudar\u00e1 time para enfrentar o Boa Esporte","link":"https:\/\/www.futebolinterior.com.br\/serie-b-em-alta-no-crb-mazola-junior-mudara-time-para-enfrentar-o-boa-esporte\/","chapeu":"DE NOVO!","data":"01\/10\/2015","imagem":"https:\/\/images.futebolinterior.com.br\/2021\/04\/0002050118216_img-300x203.jpg","resumo":"O CRB vem de cinco jogos sem derrota, sendo tr\u00eas empates e duas vit\u00f3rias. A \u00faltima sobre o Mogi Mirim, por 2 a 1, em Macei\u00f3"},"612820":{"titulo":"S\u00e9rie B: T\u00e9cnico define Paran\u00e1 sem improvisa\u00e7\u00f5es e com jovem da base","link":"https:\/\/www.futebolinterior.com.br\/serie-b-tecnico-define-parana-sem-improvisacoes-e-com-jovem-da-base\/","chapeu":"MUDAN\u00c7A","data":"01\/10\/2015","imagem":"https:\/\/images.futebolinterior.com.br\/2021\/04\/0002050118211_img-300x200.jpg","resumo":"O t\u00e9cnico Fernando Miguel tamb\u00e9m disse que encerrar\u00e1 as improvisa\u00e7\u00f5es no time"},"612827":{"titulo":"S\u00e9rie B: Crici\u00fama perde zagueiro, mas pode ter retorno no meio-campo","link":"https:\/\/www.futebolinterior.com.br\/serie-b-criciuma-perde-zagueiro-mas-pode-ter-retorno-no-meio-campo\/","chapeu":"MUDAN\u00c7AS","data":"01\/10\/2015","imagem":"https:\/\/images.futebolinterior.com.br\/2021\/04\/0002050118209_img-300x200.jpg","resumo":"O Crici\u00fama \u00e9 o 13.\u00ba colocado da S\u00e9rie B, com 35 pontos ganhos. Onze pontos a mais que o Cear\u00e1, primeiro na zona de rebaixamento"},"612949":{"titulo":"S\u00e9rie B: Ricardo Gomes comemora tempo para treinar, mas prev\u00ea jogo duro","link":"https:\/\/www.futebolinterior.com.br\/serie-b-ricardo-gomes-comemora-tempo-para-treinar-mas-preve-jogo-duro\/","chapeu":"DESCANSADOS","data":"30\/09\/2015","imagem":"https:\/\/images.futebolinterior.com.br\/2021\/04\/0002050118055_img-300x148.jpg","resumo":" Ricardo Gomes comemorou nesta quarta-feira o \"frescor\" com que o Botafogo vai encarar a pr\u00f3xima rodada da S\u00e9rie B do Campeonato Brasileiro, ap\u00f3s ter uma semana para treinar "},"612954":{"titulo":"S\u00e9rie B: Jogadores do N\u00e1utico brigam forte pela t\u00edtularidade para encarar o Oeste","link":"https:\/\/www.futebolinterior.com.br\/serie-b-jogadores-do-nautico-brigam-forte-pela-titularidade-para-encarar-o-oeste\/","chapeu":"DISPUTA INTERNA!","data":"30\/09\/2015","imagem":"https:\/\/images.futebolinterior.com.br\/2021\/04\/0002050118047_img-300x225.jpg","resumo":"Com os treinamentos parecendo jogos e o t\u00e9cnico Gilmar Dal Pozzo com op\u00e7\u00f5es para escolher os titulares, aumentou a concorr\u00eancia pela titularidade no N\u00e1utico"},"613053":{"titulo":"R\u00e1dio Futebol Interior destaca jogos da Copa do Brasil nesta quarta-feira","link":"https:\/\/www.futebolinterior.com.br\/radio-futebol-interior-destaca-jogos-da-copa-do-brasil-nesta-quarta-feira\/","chapeu":"OU\u00c7A A R\u00c1DIO FI!","data":"30\/09\/2015","imagem":"https:\/\/images.futebolinterior.com.br\/2021\/04\/0002050117985_img.jpg","resumo":"R\u00e1dio Futebol Interior destaca jogos da Copa do Brasil nesta quarta-feira \r\n"},"613056":{"titulo":"S\u00e9rie B: Zagueiro Gilberto desfalca Bragantino contra o Crici\u00fama","link":"https:\/\/www.futebolinterior.com.br\/serie-b-zagueiro-gilberto-desfalca-bragantino-contra-o-criciuma\/","chapeu":"FORA...","data":"30\/09\/2015","imagem":"https:\/\/images.futebolinterior.com.br\/2021\/04\/0002050117983_img-300x124.jpg","resumo":"O jogador recebeu o terceiro amarelo e n\u00e3o enfrenta o time catarinense, ter\u00e7a-feira, 06\/10, no Nabiz\u00e3o"},"613065":{"titulo":"S\u00e9rie B: Ingressos para Boa Esporte e CRB j\u00e1 come\u00e7aram a ser vendidos","link":"https:\/\/www.futebolinterior.com.br\/serie-b-ingressos-para-boa-esporte-e-crb-ja-comecaram-a-ser-vendidos\/","chapeu":"COM TORCEDOR!","data":"30\/09\/2015","imagem":"https:\/\/images.futebolinterior.com.br\/2021\/04\/0002050117981_img-300x170.jpg","resumo":"Neste s\u00e1bado, o Boa Esporte receber\u00e1 o CRB no est\u00e1dio Municipal de Varginha, \u00e0s 16h30 pelo Campeonato Brasileiro da S\u00e9rie B."},"613069":{"titulo":"S\u00e9rie B: Santa Cruz chega no G4 e aumenta confian\u00e7a no acesso","link":"https:\/\/www.futebolinterior.com.br\/serie-b-santa-cruz-chega-no-g4-e-aumenta-confianca-no-acesso\/","chapeu":"MAIS VIVO DO QUE NUNCA!","data":"30\/09\/2015","imagem":"https:\/\/images.futebolinterior.com.br\/2021\/04\/0002050117979_img-300x200.jpg","resumo":"Desde que Grafite foi contratado, o time evolui e agora \u00e9 um dos favoritos"},"613076":{"titulo":"S\u00e9rie B: Roberto Cavalo prepara Oeste para encarar o N\u00e1utico","link":"https:\/\/www.futebolinterior.com.br\/serie-b-roberto-cavalo-prepara-oeste-para-encarar-o-nautico\/","chapeu":"FALA PROFESSOR!","data":"30\/09\/2015","imagem":"https:\/\/images.futebolinterior.com.br\/2021\/04\/0002050117975_img-300x172.jpg","resumo":"O treinador segue confiante para sair de campo com os tr\u00eas pontos diante do Timbu"}}