{"612698":{"titulo":"Sampaio Corr\u00eaa x Botafogo - L\u00edder com folga, Glorioso tem parada dura no Maranh\u00e3o","link":"https:\/\/www.futebolinterior.com.br\/sampaio-correa-x-botafogo-lider-com-folga-glorioso-tem-parada-dura-no-maranhao\/","chapeu":"JOGO BOM","data":"01\/10\/2015","imagem":"https:\/\/images.futebolinterior.com.br\/2021\/04\/0002050118304_img-300x169.jpg","resumo":"O time de Ricardo Gomes j\u00e1 abriu seis pontos de vantagem na primeira coloca\u00e7\u00e3o, mas enfrenta advers\u00e1rio que est\u00e1 de olho no G4"},"612711":{"titulo":"Crici\u00fama x Paran\u00e1 - Ap\u00f3s demiss\u00e3o de Diniz, Tricolor busca reabilita\u00e7\u00e3o","link":"https:\/\/www.futebolinterior.com.br\/criciuma-x-parana-apos-demissao-de-diniz-tricolor-busca-reabilitacao\/","chapeu":"QUEM LEVA?","data":"01\/10\/2015","imagem":"https:\/\/images.futebolinterior.com.br\/2021\/04\/0002050118285_img-300x200.jpg","resumo":"J\u00e1 o time de Pet tenta acabar com uma s\u00e9rie de seis jogos sem vit\u00f3rias"},"612733":{"titulo":"S\u00e9rie B: No reencontro com seu ex-time, Wesley pede aten\u00e7\u00e3o ao Am\u00e9rica-MG","link":"https:\/\/www.futebolinterior.com.br\/serie-b-no-reencontro-com-seu-ex-time-wesley-pede-atencao-ao-america-mg\/","chapeu":"ATEN\u00c7\u00c3O!","data":"01\/10\/2015","imagem":"https:\/\/images.futebolinterior.com.br\/2021\/04\/0002050118281_img-300x199.jpg","resumo":"O volante vai reencontrar o Sap\u00e3o neste s\u00e1bado, \u00e0s 21 horas, no Romild\u00e3o e pediu aten\u00e7\u00e3o para o duelo, que ser\u00e1 decidido nos detalhes, segundo ele"},"612731":{"titulo":"T\u00falio Maravilha provoca CR7 pelos 500 gols \"Parab\u00e9ns, voc\u00ea est\u00e1 na metade do caminho\"","link":"https:\/\/www.futebolinterior.com.br\/tulio-maravilha-provoca-cr7-pelos-500-gols-parabens-voce-esta-na-metade-do-caminho\/","chapeu":"CR7 X2 = T\u00daLIO","data":"01\/10\/2015","imagem":"https:\/\/images.futebolinterior.com.br\/2021\/04\/0002050118283_img-300x300.jpg","resumo":"O \u00eddolo do Botafogo postou uma montagem provocando o craque portugu\u00eas nas redes sociais"},"612774":{"titulo":"S\u00c9RIE B: Podendo entrar no G4, Sampaio Corr\u00eaa recebe o Botafogo no Maranh\u00e3o","link":"https:\/\/www.futebolinterior.com.br\/serie-b-podendo-entrar-no-g4-sampaio-correa-recebe-o-botafogo-no-maranhao\/","chapeu":"DOIS JOGOS","data":"01\/10\/2015","imagem":"https:\/\/images.futebolinterior.com.br\/2021\/04\/0002050118251_img-300x200.jpg","resumo":"As duas partidas ter\u00e3o cobertura em tempo real do melhor Placar Ao Vivo da internet"},"612738":{"titulo":"S\u00e9rie B: Volante do N\u00e1utico, Fillipe exalta boas atua\u00e7\u00f5es fora de casa: \"O fantasma passou\"","link":"https:\/\/www.futebolinterior.com.br\/serie-b-volante-do-nautico-fillipe-exalta-boas-atuacoes-fora-de-casa-o-fantasma-passou\/","chapeu":"X\u00d4, FANTASMA!","data":"01\/10\/2015","imagem":"https:\/\/images.futebolinterior.com.br\/2021\/04\/0002050118278_img-300x225.jpg","resumo":"Mesmo com poucas vit\u00f3rias fora de casa, o jogador disse acreditar que o Timbu n\u00e3o tem mais medo de jogar fora de Recife"},"612768":{"titulo":"S\u00e9rie B: Lisca diz que assumiu o Cear\u00e1 pela torcida e n\u00e3o faz c\u00e1lculos contra o rebaixamento","link":"https:\/\/www.futebolinterior.com.br\/serie-b-lisca-diz-que-assumiu-o-ceara-pela-torcida-e-nao-faz-calculos-contra-o-rebaixamento\/","chapeu":"FOR\u00c7A DA TORCIDA!","data":"01\/10\/2015","imagem":"https:\/\/images.futebolinterior.com.br\/2021\/04\/0002050118256_img-300x170.jpg","resumo":"Em sua apresenta\u00e7\u00e3o nesta quinta-feira, o treinador, que subsititui Marcelo Cabo, demitido, aposta na for\u00e7a da torcida para livrar o Vov\u00f4 do rebaixamento"},"612802":{"titulo":"Ap\u00f3s 'abra\u00e7ar' Liga Sul-Minas-Rio, CBF adota cautela","link":"https:\/\/www.futebolinterior.com.br\/apos-abracar-liga-sul-minas-rio-cbf-adota-cautela\/","chapeu":"VAI VINGAR?","data":"01\/10\/2015","imagem":"https:\/\/images.futebolinterior.com.br\/2021\/04\/0002050118253_img-300x199.jpg","resumo":"A euforia dos dirigentes de clubes integrantes da Liga Sul-Minas-Rio foi respondida com cautela pela c\u00fapula da CBF."},"612779":{"titulo":"S\u00e9rie C: Meia do Juventude \u00e9 sondado por Sampaio Corr\u00eaa e Atl\u00e9tico-GO","link":"https:\/\/www.futebolinterior.com.br\/serie-c-meia-do-juventude-e-sondado-por-sampaio-correa-e-atletico-go\/","chapeu":"VOU SUBIR!","data":"01\/10\/2015","imagem":"https:\/\/images.futebolinterior.com.br\/2021\/04\/0002050118248_img-300x199.jpg","resumo":" Wallacer j\u00e1 est\u00e1 na mira de Sampaio Corr\u00eaa e Alt\u00e9tico-GO, clubes que disputam a S\u00e9rie B."},"612804":{"titulo":"R\u00e1dios FI e Regional transmitem jogo da Copa do Brasil nesta quinta-feira","link":"https:\/\/www.futebolinterior.com.br\/radios-fi-e-regional-transmitem-jogo-da-copa-do-brasil-nesta-quinta-feira\/","chapeu":"CLIQUE R\u00c1DIO FI!","data":"01\/10\/2015","imagem":"https:\/\/images.futebolinterior.com.br\/2021\/04\/0002050118233_img-300x225.jpg","resumo":"R\u00e1dios FI e Regional transmitem jogo da Copa do Brasil nesta quinta-feira"}}