{"612512":{"titulo":"S\u00e9rie B: Pedro Carmona voltar a treinar no N\u00e1utico mas n\u00e3o enfrenta o Oeste","link":"https:\/\/www.futebolinterior.com.br\/serie-b-pedro-carmona-voltar-a-treinar-no-nautico-mas-nao-enfrenta-o-oeste\/","chapeu":"RETORNANDO...","data":"02\/10\/2015","imagem":"https:\/\/images.futebolinterior.com.br\/2021\/04\/0002050118471_img-300x200.jpg","resumo":"O meia passou por recondicionamento f\u00edsico no CT do Corinthians e s\u00f3 deve voltar a atuar dia 17, contra o Mogi Mirim"},"612508":{"titulo":"R\u00e1dios FI e Difusora transmitem duelo da S\u00e9rie B nesta sexta-feira","link":"https:\/\/www.futebolinterior.com.br\/radios-fi-e-difusora-transmitem-duelo-da-serie-b-nesta-sexta-feira\/","chapeu":"NA ESCUTA!","data":"02\/10\/2015","imagem":"https:\/\/images.futebolinterior.com.br\/2021\/04\/0002050118485_img-300x166.jpg","resumo":"R\u00e1dios FI e Difusora transmitem duelo da S\u00e9rie B nesta sexta-feira\r\n"},"612520":{"titulo":"S\u00e9rie B: Sem Walber e Robertinho, Am\u00e9rica-MG deve ter atacante improvisado na lateral","link":"https:\/\/www.futebolinterior.com.br\/serie-b-sem-walber-e-robertinho-america-mg-deve-ter-atacante-improvisado-na-lateral\/","chapeu":"N\u00c3O TEM...","data":"02\/10\/2015","imagem":"https:\/\/images.futebolinterior.com.br\/2021\/04\/0002050118472_img.jpg","resumo":"Para o confronto contra o Mogi Mirim, \u00e0s 21 horas do pr\u00f3ximo s\u00e1bado, o t\u00e9cnico Givanildo Oliveira tem problemas na lateral direita do time, j\u00e1 que o titular e o reserva natural da posi\u00e7\u00e3o n\u00e3o v\u00e3o estar dispon\u00edveis para o confronto."},"612537":{"titulo":"S\u00e9rie B: Com 97% de chances de rebaixamento, Mogi Mirim se apega no Vasco em busca de milagre","link":"https:\/\/www.futebolinterior.com.br\/serie-b-com-97-de-chances-de-rebaixamento-mogi-mirim-se-apega-no-vasco-em-busca-de-milagre\/","chapeu":"SEM FAZER CONTAS!","data":"02\/10\/2015","imagem":"https:\/\/images.futebolinterior.com.br\/2021\/04\/0002050118465_img-300x161.jpg","resumo":"O t\u00e9cnico do Sap\u00e3o, M\u00e1rcio Goiano, prefere deixar as contas de lado e cobrou \"dignidade\" de seus comandados na reta final da S\u00e9rie B"},"612555":{"titulo":"S\u00e9rie B: T\u00e9cnico do Atl\u00e9tico-GO testa time com mudan\u00e7as e espera por Eron","link":"https:\/\/www.futebolinterior.com.br\/serie-b-tecnico-do-atletico-go-testa-time-com-mudancas-e-espera-por-eron\/","chapeu":"RETORNOS E BAIXA?","data":"02\/10\/2015","imagem":"https:\/\/images.futebolinterior.com.br\/2021\/04\/0002050118452_img.jpg","resumo":"O goleiro M\u00e1rcio e o meio-campo Jorginho voltam de les\u00e3o e suspens\u00e3o e ficam as vagas de Marcos e Assis. Eron sentiu a coxa e passar\u00e1 por exames para saber se joga"},"612562":{"titulo":"Ex-meia do N\u00e1utico aguarda novas oportunidades para retornar aos gramados","link":"https:\/\/www.futebolinterior.com.br\/ex-meia-do-nautico-aguarda-novas-oportunidades-para-retornar-aos-gramados\/","chapeu":"QUALIDADE!","data":"02\/10\/2015","imagem":"https:\/\/images.futebolinterior.com.br\/2021\/04\/0002050118451_img-300x300.jpg","resumo":"Anderson Preto \u00e9 cria do Guarani de Campinas e por ser um jogador muito vers\u00e1til, pode ser \u00fatil para diversas equipes em 2016"},"612572":{"titulo":"S\u00e9rie B: Zagueiro Gualberto sente les\u00e3o no joelho e desfalca Pap\u00e3o contra o Atl\u00e9tico-GO","link":"https:\/\/www.futebolinterior.com.br\/serie-b-zagueiro-gualberto-sente-lesao-no-joelho-e-desfalca-papao-contra-o-atletico-go\/","chapeu":"DESGASTADO!","data":"02\/10\/2015","imagem":"https:\/\/images.futebolinterior.com.br\/2021\/04\/0002050118448_img-300x170.jpg","resumo":"Fernando Lombardi deve ser o escolhido de Dado Cavalcanti para compor a defesa do Paysandu"},"612616":{"titulo":"Torcedor flagra Ronaldinho Ga\u00facho pra l\u00e1 de 'cansado' em Porto Alegre","link":"https:\/\/www.futebolinterior.com.br\/torcedor-flagra-ronaldinho-gaucho-pra-la-de-cansado-em-porto-alegre\/","chapeu":"CONJUTIVITE?","data":"02\/10\/2015","imagem":"https:\/\/images.futebolinterior.com.br\/2021\/04\/0002050118410_img-300x227.jpg","resumo":"Ronaldinho Ga\u00facho mais uma vez \u00e9 assunto nas redes sociais"},"612692":{"titulo":"S\u00e9rie B: No Maranh\u00e3o, Lindoso comemora chance de defender Botafogo em sua terra natal","link":"https:\/\/www.futebolinterior.com.br\/serie-b-no-maranhao-lindoso-comemora-chance-de-defender-botafogo-em-sua-terra-natal\/","chapeu":"AH, MINHA TERRINHA...","data":"01\/10\/2015","imagem":"https:\/\/images.futebolinterior.com.br\/2021\/04\/0002050118316_img-300x149.jpg","resumo":"Rodrigo Lindoso confia em uma boa atua\u00e7\u00e3o do time, que teve mais tempo para treinar ap\u00f3s uma exaustiva sequ\u00eancia de oito partidas em 28 dias. "},"612690":{"titulo":"S\u00e9rie B: Perto do fim de contrato com Inter, meia Jo\u00e3o Paulo deve renovar com Santa Cruz","link":"https:\/\/www.futebolinterior.com.br\/serie-b-perto-do-fim-de-contrato-com-inter-meia-joao-paulo-deve-renovar-com-santa-cruz\/","chapeu":"E AGORA?","data":"01\/10\/2015","imagem":"https:\/\/images.futebolinterior.com.br\/2021\/04\/0002050118311_img-300x200.jpg","resumo":"O jogador tem contrato com o Coral at\u00e9 o dia 23 e a vontade \u00e9 ficar no Arruda"}}