{"642358":{"titulo":"S\u00e9rie B: Sampaio Corr\u00eaa contrata Vanger, atacante do Tombense","link":"https:\/\/www.futebolinterior.com.br\/serie-b-sampaio-correa-contrata-vanger-atacante-do-tombense\/","chapeu":"NOVO MATADOR","data":"08\/06\/2015","imagem":"https:\/\/images.futebolinterior.com.br\/2021\/04\/0002050086145_img-300x200.jpg","resumo":"Um dos fortes concorrentes ao acesso no Campeonato Brasileiro da S\u00e9rie B, o Sampaio Corr\u00eaa n\u00e3o para de refor\u00e7ar o seu elenco."},"642372":{"titulo":"S\u00e9rie B: Boa Esporte deve ter estreia de Erick Luis na pr\u00f3xima partida","link":"https:\/\/www.futebolinterior.com.br\/serie-b-boa-esporte-deve-ter-estreia-de-erick-luis-na-proxima-partida\/","chapeu":"MUDAN\u00c7A","data":"08\/06\/2015","imagem":"https:\/\/images.futebolinterior.com.br\/2021\/04\/0002050086139_img-225x300.jpg","resumo":"- Emprestado pelo Vasco ao Boa Esporte at\u00e9 o fim da temporada, o atacante Erick Lu\u00eds deve fazer sua estreia na partida desta sexta-feira"},"642377":{"titulo":"S\u00e9rie B: Na degola, Mogi Mirim faz promo\u00e7\u00e3o de ingressos para enfrentar Vit\u00f3ria","link":"https:\/\/www.futebolinterior.com.br\/serie-b-na-degola-mogi-mirim-faz-promocao-de-ingressos-para-enfrentar-vitoria\/","chapeu":"PROMO\u00c7\u00c3O","data":"08\/06\/2015","imagem":"https:\/\/images.futebolinterior.com.br\/2021\/04\/0002050086137_img-300x200.jpg","resumo":"Com apenas 11% de aproveitamento em seis rodadas disputadas pelo Campeonato Brasileiro da S\u00e9rie B, o Mogi Mirim soma apenas dois pontos e \u00e9 o lanterna"},"642400":{"titulo":"S\u00e9rie B: Apesar da crise, Crici\u00fama confia e mant\u00e9m Moacir J\u00fanior como treinador","link":"https:\/\/www.futebolinterior.com.br\/serie-b-apesar-da-crise-criciuma-confia-e-mantem-moacir-junior-como-treinador\/","chapeu":"ELE FICA","data":"08\/06\/2015","imagem":"https:\/\/images.futebolinterior.com.br\/2021\/04\/0002050086115_img-300x170.jpg","resumo":"Moacir J\u00fanior segue no comando do Crici\u00fama. Contratado especialmente para a disputa do Campeonato Brasileiro da S\u00e9rie B"},"642403":{"titulo":"Vira casaca? Artilheiro do Bahia, Kieza engata romance com Naiane Oliveira, musa do Vit\u00f3ria","link":"https:\/\/www.futebolinterior.com.br\/vira-casaca-artilheiro-do-bahia-kieza-engata-romance-com-naiane-oliveira-musa-do-vitoria\/","chapeu":"AMOR SEM RIVALIDADES","data":"08\/06\/2015","imagem":"https:\/\/images.futebolinterior.com.br\/2021\/04\/0002050086108_img-300x248.jpg","resumo":"\u00cddolo recente do Bahia gra\u00e7as ao in\u00fameros gols marcados pelo Tricolor no in\u00edcio da atual temporada, o atacante Kieza pode dividir a torcida dos principais clubes "},"642430":{"titulo":"S\u00e9rie B: Ap\u00f3s reuni\u00e3o, CRB demite t\u00e9cnico Alexandre Barroso","link":"https:\/\/www.futebolinterior.com.br\/serie-b-apos-reuniao-crb-demite-tecnico-alexandre-barroso\/","chapeu":"CAIU","data":"08\/06\/2015","imagem":"https:\/\/images.futebolinterior.com.br\/2021\/04\/0002050086076_img-300x205.jpg","resumo":" A dire\u00e7\u00e3o do CRB, em reuni\u00e3o realizada na manh\u00e3 desta segunda-feira, acertou o desligamento do t\u00e9cnico Alexandre Barroso."},"642568":{"titulo":"Sele\u00e7\u00e3o FI da S\u00e9rie B tem zagueiro campe\u00e3o mundial, t\u00e9cnico revela\u00e7\u00e3o e quarteto do G4","link":"https:\/\/www.futebolinterior.com.br\/selecao-fi-da-serie-b-tem-zagueiro-campeao-mundial-tecnico-revelacao-e-quarteto-do-g4\/","chapeu":"QUE TIME!","data":"07\/06\/2015","imagem":"https:\/\/images.futebolinterior.com.br\/2021\/04\/0002050085848_img-300x200.jpg","resumo":"Fabiano Eller engradece o grupo com seus in\u00fameros t\u00edtulos, enquanto que L\u00e9o Cond\u00e9 tem o trabalho de comandar a equipe"},"642523":{"titulo":"S\u00e9rie B: Reviravolta no Cear\u00e1 e presidente Evandro Leit\u00e3o mant\u00e9m Silas Pereira no comando t\u00e9cnico","link":"https:\/\/www.futebolinterior.com.br\/serie-b-reviravolta-no-ceara-e-presidente-evandro-leitao-mantem-silas-pereira-no-comando-tecnico\/","chapeu":"CAIU E VOLTOU","data":"07\/06\/2015","imagem":"https:\/\/images.futebolinterior.com.br\/2021\/04\/0002050085901_img-300x182.jpg","resumo":"Deixando de lado o aspecto emocional, o dirigente viu o outro lado da moeda: o time precisa de refor\u00e7os e ficou, realmente, enfraquecido com a ida do artilheiro Magno Alves "},"642555":{"titulo":"S\u00e9rie B: Cear\u00e1 contrata Muller Fernandes, destaque do Santo Andr\u00e9","link":"https:\/\/www.futebolinterior.com.br\/serie-b-ceara-contrata-muller-fernandes-destaque-do-santo-andre\/","chapeu":"NOVO MATADOR?","data":"07\/06\/2015","imagem":"https:\/\/images.futebolinterior.com.br\/2021\/04\/0002050085851_img-300x246.jpg","resumo":" Depois de Vinicius e Rodrigo Silva, o Cear\u00e1 acertou com mais um refor\u00e7o de ataque na manh\u00e3 deste domingo. Trata-se de Muller Fernandes"},"642591":{"titulo":"S\u00e9rie B: Ap\u00f3s derrota em casa, Boa Esporte dispensa Ney da Matta","link":"https:\/\/www.futebolinterior.com.br\/serie-b-apos-derrota-em-casa-boa-esporte-dispensa-ney-da-matta\/","chapeu":"CAIU!","data":"07\/06\/2015","imagem":"https:\/\/images.futebolinterior.com.br\/2021\/04\/0002050085818_img-300x179.jpg","resumo":"Ney da Matta n\u00e3o \u00e9 mais t\u00e9cnico do Boa Esporte para o Campeonato Brasileiro da S\u00e9rie B. Ap\u00f3s somente quatro pontos conquistados em seis partidas disputadas, o comandante foi"}}