{"642287":{"titulo":"Oeste x Botafogo - Motivado, Rubr\u00e3o tenta parar o l\u00edder","link":"https:\/\/www.futebolinterior.com.br\/oeste-x-botafogo-motivado-rubrao-tenta-parar-o-lider\/","chapeu":"QUEM LEVA?","data":"08\/06\/2015","imagem":"https:\/\/images.futebolinterior.com.br\/2021\/04\/0002050086195_img-300x200.jpg","resumo":"O clube paulista vem de vit\u00f3ria e visa surpreender para colar nas primeiras coloca\u00e7\u00f5es"},"642307":{"titulo":"Paran\u00e1 x Luverdense \u2013 Tricolor tenta sair da zona de rebaixamento","link":"https:\/\/www.futebolinterior.com.br\/parana-x-luverdense-tricolor-tenta-sair-da-zona-de-rebaixamento\/","chapeu":"GRANDE CHANCE","data":"08\/06\/2015","imagem":"https:\/\/images.futebolinterior.com.br\/2021\/04\/0002050086183_img-300x224.jpg","resumo":"A crise financeira est\u00e1 mais uma vez afetando o Paran\u00e1 no Campeonato Brasileiro da S\u00e9rie B. "},"642326":{"titulo":"S\u00c9RIE B: Botafogo defende invencibilidade contra o Oeste e Paran\u00e1 tenta sair da zona de degola","link":"https:\/\/www.futebolinterior.com.br\/serie-b-botafogo-defende-invencibilidade-contra-o-oeste-e-parana-tenta-sair-da-zona-de-degola\/","chapeu":"PARADA DURA","data":"08\/06\/2015","imagem":"https:\/\/images.futebolinterior.com.br\/2021\/04\/0002050086161_img-300x200.jpg","resumo":" Atual l\u00edder do Campeonato Brasileiro da S\u00e9rie B, o Botafogo vai conseguindo se manter invicto at\u00e9 o momento."},"642278":{"titulo":"S\u00e9rie B: Ex-Bragantino e Paysandu, Mazola J\u00fanior \u00e9 o novo t\u00e9cnico do CRB","link":"https:\/\/www.futebolinterior.com.br\/serie-b-ex-bragantino-e-paysandu-mazola-junior-e-o-novo-tecnico-do-crb\/","chapeu":"NEG\u00d3CIO FECHADO!","data":"08\/06\/2015","imagem":"https:\/\/images.futebolinterior.com.br\/2021\/04\/0002050086201_img-300x200.jpg","resumo":"O treinador \u00e9 aguardado no Est\u00e1dio Rei Pel\u00e9 na tarde desta ter\u00e7a-feira para ser apresentado oficialmente"},"642316":{"titulo":"S\u00e9rie B: Luverdense ter\u00e1 mais um desfalque para enfrentar o Paran\u00e1","link":"https:\/\/www.futebolinterior.com.br\/serie-b-luverdense-tera-mais-um-desfalque-para-enfrentar-o-parana\/","chapeu":"PROBLEMA","data":"08\/06\/2015","imagem":"https:\/\/images.futebolinterior.com.br\/2021\/04\/0002050086177_img.jpg","resumo":" O t\u00e9cnico J\u00fanior Rocha ter\u00e1 mais um problema para resolver no Luverdense que enfrenta o Paran\u00e1 nesta ter\u00e7a-feira"},"642320":{"titulo":"S\u00e9rie B: Surpresa do torneio, Maca\u00e9 aparece como melhor ataque e time mais disciplinado","link":"https:\/\/www.futebolinterior.com.br\/serie-b-surpresa-do-torneio-macae-aparece-como-melhor-ataque-e-time-mais-disciplinado\/","chapeu":"CONFIRA!","data":"08\/06\/2015","imagem":"https:\/\/images.futebolinterior.com.br\/2021\/04\/0002050086170_img-300x200.jpg","resumo":"N\u00fameros ratificam boa campanha do clube neste in\u00edcio de torneio. Le\u00e3o recebe o Bragantino no s\u00e1bado"},"642338":{"titulo":"S\u00e9rie B: Am\u00e9rica-MG comemora semana tranquila para treinar","link":"https:\/\/www.futebolinterior.com.br\/serie-b-america-mg-comemora-semana-tranquila-para-treinar\/","chapeu":"FINALMENTE","data":"08\/06\/2015","imagem":"https:\/\/images.futebolinterior.com.br\/2021\/04\/0002050086160_img.jpg","resumo":" O Am\u00e9rica-MG come\u00e7a nesta segunda-feira \u00e0 tarde sua prepara\u00e7\u00e3o para o jogo contra o CRB, no pr\u00f3ximo s\u00e1bado, \u00e0s 21h"},"642344":{"titulo":"S\u00e9rie B: Nedo Xavier dar\u00e1 oportunidade para autor de gol contra o Paysandu no time do Paran\u00e1","link":"https:\/\/www.futebolinterior.com.br\/serie-b-nedo-xavier-dara-oportunidade-para-autor-de-gol-contra-o-paysandu-no-time-do-parana\/","chapeu":"VAI QUE \u00c9 SUA","data":"08\/06\/2015","imagem":"https:\/\/images.futebolinterior.com.br\/2021\/04\/0002050086157_img-300x200.jpg","resumo":"A derrota para o Paysandu, no \u00faltimo s\u00e1bado, n\u00e3o estava nos planos do Paran\u00e1 para a sequ\u00eancia do Campeonato Brasileiro da S\u00e9rie B"},"642351":{"titulo":"S\u00e9rie B: Maca\u00e9 comemora \"vingan\u00e7a\" contra o Crici\u00fama com goleada","link":"https:\/\/www.futebolinterior.com.br\/serie-b-macae-comemora-vinganca-contra-o-criciuma-com-goleada\/","chapeu":"FOI MUITO BOM","data":"08\/06\/2015","imagem":"https:\/\/images.futebolinterior.com.br\/2021\/04\/0002050086151_img-300x200.jpg","resumo":"A ferida aberta finalmente foi cicatrizada. Quase cinco anos depois, o Maca\u00e9 reencontrou o Crici\u00fama e goleou o advers\u00e1rio por 3 a 0 neste s\u00e1bado \u00e0 tarde"},"642353":{"titulo":"S\u00e9rie B: Oeste conta com a presen\u00e7a do torcedor contra o Botafogo","link":"https:\/\/www.futebolinterior.com.br\/serie-b-oeste-conta-com-a-presenca-do-torcedor-contra-o-botafogo\/","chapeu":"PARA LOTAR","data":"08\/06\/2015","imagem":"https:\/\/images.futebolinterior.com.br\/2021\/04\/0002050086150_img-273x300.jpg","resumo":"Em busca da sua primeira vit\u00f3ria em casa, o Oeste recebe nesta ter\u00e7a-feira, no est\u00e1dio Jos\u00e9 Liberatti, em Osasco, o Botafogo. "}}