{"641524":{"titulo":"Wanderson quer que Crici\u00fama d\u00ea a volta por cima na S\u00e9rie B","link":"https:\/\/www.futebolinterior.com.br\/wanderson-quer-que-criciuma-de-a-volta-por-cima-na-serie-b\/","chapeu":"RECUPERA\u00c7\u00c3O!","data":"11\/06\/2015","imagem":"https:\/\/images.futebolinterior.com.br\/2021\/04\/0002050086880_img-300x170.jpg","resumo":"Com apenas duas vit\u00f3rias em seis jogos na S\u00e9rie B, o Crici\u00fama amarga a modesta 15\u00aa posi\u00e7\u00e3o com seis pontos"},"641529":{"titulo":"S\u00e9rie B: L\u00e9o Cond\u00e9 escala Rodrigo como goleiro contra o Crici\u00fama","link":"https:\/\/www.futebolinterior.com.br\/serie-b-leo-conde-escala-rodrigo-como-goleiro-contra-o-criciuma\/","chapeu":"MUDAN\u00c7A NO GOL","data":"11\/06\/2015","imagem":"https:\/\/images.futebolinterior.com.br\/2021\/04\/0002050086875_img-300x200.jpg","resumo":" Um das sensa\u00e7\u00f5es do in\u00edcio do Campeonato Brasileiro da S\u00e9rie B, o Sampaio Corr\u00eaa montou o elenco com a competi\u00e7\u00e3o j\u00e1 em andamento e, por isso, o t\u00e9cnico L\u00e9o Cond\u00e9 segue fazendo"},"641538":{"titulo":"S\u00e9rie B: Mogi Mirim aposta em retornos para vencer o Vit\u00f3ria","link":"https:\/\/www.futebolinterior.com.br\/serie-b-mogi-mirim-aposta-em-retornos-para-vencer-o-vitoria\/","chapeu":"AGORA VAI?","data":"11\/06\/2015","imagem":"https:\/\/images.futebolinterior.com.br\/2021\/04\/0002050086871_img-300x200.jpg","resumo":"Pior equipe do Campeonato Brasileiro da S\u00e9rie B e sem ainda sentir o gosto da vit\u00f3ria na competi\u00e7\u00e3o, o Mogi Mirim aposta na volta de alguns jogadores"},"641561":{"titulo":"M\u00e1rcio Bittencourt, ele mesmo, aguarda novas propostas no mercado","link":"https:\/\/www.futebolinterior.com.br\/marcio-bittencourt-ele-mesmo-aguarda-novas-propostas-no-mercado\/","chapeu":"NOVO FOCO!","data":"11\/06\/2015","imagem":"https:\/\/images.futebolinterior.com.br\/2021\/04\/0002050086816_img-300x225.jpg","resumo":"Treinador j\u00e1 est\u00e1 em S\u00e3o Paulo e pronto para analisar propostas para o segundo semestre"},"641577":{"titulo":"Campe\u00e3o como jogador e t\u00e9cnico, Pintado analisa propostas no mercado da bola","link":"https:\/\/www.futebolinterior.com.br\/campeao-como-jogador-e-tecnico-pintado-analisa-propostas-no-mercado-da-bola\/","chapeu":"DE SOBRA!","data":"11\/06\/2015","imagem":"https:\/\/images.futebolinterior.com.br\/2021\/04\/0002050086804_img-225x300.jpg","resumo":"No M\u00e9xico, ele foi campe\u00e3o da Liga dos Campe\u00f5es da Concacaf em 2014 e 3\u00ba colocado no Mundial de Clubes da FIFA no mesmo ano"},"641673":{"titulo":"Mario S\u00e9rgio, ex-treinador do Corinthians, polemiza: \"Messi vive de lampejos, n\u00e3o \u00e9 como Marcelinho Carioca\"","link":"https:\/\/www.futebolinterior.com.br\/mario-sergio-ex-treinador-do-corinthians-polemiza-messi-vive-de-lampejos-nao-e-como-marcelinho-carioca\/","chapeu":"\u00c9 S\u00c9RIO?","data":"10\/06\/2015","imagem":"https:\/\/images.futebolinterior.com.br\/2021\/04\/0002050086724_img-300x176.jpg","resumo":"Comentarista da Fox Sports disse que o ex-meia do Corinthians era mais participativo que o argentino"},"641677":{"titulo":"S\u00e9rie B: Volante Bruninho confia no fim da fase negra do Santa Cruz","link":"https:\/\/www.futebolinterior.com.br\/serie-b-volante-bruninho-confia-no-fim-da-fase-negra-do-santa-cruz\/","chapeu":"SER\u00c1?","data":"10\/06\/2015","imagem":"https:\/\/images.futebolinterior.com.br\/2021\/04\/0002050086718_img-300x225.jpg","resumo":"O Coral est\u00e1 na zona de rebaixamento e busca a reabilita\u00e7\u00e3o de todo jeito para encostar no pelot\u00e3o de cima"},"641682":{"titulo":"S\u00e9rie B: Meia N\u00e1dson coloca Sampaio Corr\u00eaa brigando pelo acesso","link":"https:\/\/www.futebolinterior.com.br\/serie-b-meia-nadson-coloca-sampaio-correa-brigando-pelo-acesso\/","chapeu":"VAI SUBIR!","data":"10\/06\/2015","imagem":"https:\/\/images.futebolinterior.com.br\/2021\/04\/0002050086704_img-300x225.jpg","resumo":"A Bol\u00edvia Querida est\u00e1 na sexta coloca\u00e7\u00e3o com 11 pontos, a um do Vit\u00f3ria, primeiro do G4"},"641694":{"titulo":"S\u00e9rie B: Com oferta do exterior, Rodrigo Pimp\u00e3o vibra com bom momento e fala em seguir no Botafogo","link":"https:\/\/www.futebolinterior.com.br\/serie-b-com-oferta-do-exterior-rodrigo-pimpao-vibra-com-bom-momento-e-fala-em-seguir-no-botafogo\/","chapeu":"VOU FICAR!","data":"10\/06\/2015","imagem":"https:\/\/images.futebolinterior.com.br\/2021\/04\/0002050086700_img-300x146.jpg","resumo":"O Shonan Bellmare enviou uma proposta ao jogador, que pretende recus\u00e1-la"},"641684":{"titulo":"S\u00e9rie B: Ex-atacante do Ava\u00ed, Heber dos Santos \u00e9 dispensado do Paysandu","link":"https:\/\/www.futebolinterior.com.br\/serie-b-ex-atacante-do-avai-heber-dos-santos-e-dispensado-do-paysandu\/","chapeu":"SAIU!","data":"10\/06\/2015","imagem":"https:\/\/images.futebolinterior.com.br\/2021\/04\/0002050086699_img-300x200.jpg","resumo":"A rescis\u00e3o contratual aconteceu nesta quarta-feira durante uma reuni\u00e3o"}}