{"640699":{"titulo":"S\u00e9rie B: Sampaio Corr\u00eaa contrata L\u00e9o Salina, volante campe\u00e3o pelo Oper\u00e1rio-PR","link":"https:\/\/www.futebolinterior.com.br\/serie-b-sampaio-correa-contrata-leo-salina-volante-campeao-pelo-operario-pr\/","chapeu":"REFOR\u00c7O","data":"15\/06\/2015","imagem":"https:\/\/images.futebolinterior.com.br\/2021\/04\/0002050087784_img-263x300.jpg","resumo":"O Sampaio Corr\u00eaa segue se refor\u00e7ando para a disputa do Campeonato Brasileiro da S\u00e9rie B. "},"640705":{"titulo":"S\u00e9rie B: Ap\u00f3s primeira derrota, N\u00e1utico tem que conviver com muitos desfalques","link":"https:\/\/www.futebolinterior.com.br\/serie-b-apos-primeira-derrota-nautico-tem-que-conviver-com-muitos-desfalques\/","chapeu":"MAIS ESSA...","data":"15\/06\/2015","imagem":"https:\/\/images.futebolinterior.com.br\/2021\/04\/0002050087783_img-300x145.jpg","resumo":" Se o torcedor ainda n\u00e3o tem motivos para se irritar com o N\u00e1utico ap\u00f3s a derrota pro 2 a 0 frente ao Atl\u00e9tico-GO, tudo pode piorar nesta ter\u00e7a-feira"},"640707":{"titulo":"S\u00e9rie B: Luverdense enfrenta Crici\u00fama sem aceitar perder pontos dentro de casa","link":"https:\/\/www.futebolinterior.com.br\/serie-b-luverdense-enfrenta-criciuma-sem-aceitar-perder-pontos-dentro-de-casa\/","chapeu":"SEM VACILAR","data":"15\/06\/2015","imagem":"https:\/\/images.futebolinterior.com.br\/2021\/04\/0002050087779_img-225x300.jpg","resumo":" Buscando retomar o caminho das vit\u00f3rias e subir na tabela de classifica\u00e7\u00e3o, o elenco do Luverdense segue a prepara\u00e7\u00e3o em ritmo forte "},"640726":{"titulo":"Campe\u00e3 e principal musa do UFC, Ronda Rousey fica peladona e mostra que \u00e9 faixa preta em sensualidade","link":"https:\/\/www.futebolinterior.com.br\/campea-e-principal-musa-do-ufc-ronda-rousey-fica-peladona-e-mostra-que-e-faixa-preta-em-sensualidade\/","chapeu":"SOA O GONGO!","data":"15\/06\/2015","imagem":"https:\/\/images.futebolinterior.com.br\/2021\/04\/0002050087769_img-300x240.jpg","resumo":"Principal nome feminino do UFC, a lutadora Ronda Rousey mostrou que \u00e9 capaz de deixar qualquer homem nocauteado sem sequer entrar no ringue. "},"640730":{"titulo":"EXCLUSIVO! T\u00e9cnico de sucesso em Minas Gerais, Moacir J\u00fanior assume o Boa Esporte","link":"https:\/\/www.futebolinterior.com.br\/exclusivo-tecnico-de-sucesso-em-minas-gerais-moacir-junior-assume-o-boa-esporte\/","chapeu":"NOVO COMANDANTE!","data":"15\/06\/2015","imagem":"https:\/\/images.futebolinterior.com.br\/2021\/04\/0002050087757_img-300x170.jpg","resumo":"Demorou exatamente duas semanas desde a demiss\u00e3o de Ney da Matta, mas o Boa Esporte anuncia o seu novo treinador nesta segunda-feira. "},"640562":{"titulo":"S\u00e9rie B: N\u00e1utico leva pequena vantagem no retrospecto contra o Paysandu","link":"https:\/\/www.futebolinterior.com.br\/serie-b-nautico-leva-pequena-vantagem-no-retrospecto-contra-o-paysandu\/","chapeu":"TIMBU X PAP\u00c3O","data":"15\/06\/2015","imagem":"https:\/\/images.futebolinterior.com.br\/2021\/04\/0002050087900_img.jpg","resumo":"O Timbu \u00e9 o segundo colocado com 16 pontos (cinco vit\u00f3rias, um empate e, uma derrota) e, o Pap\u00e3o da Curuzu \u00e9 o terceiro na tabela com 15 pontos (cinco vit\u00f3rias e, duas derrotas)."},"640783":{"titulo":"Sele\u00e7\u00e3o Futebol Interior da S\u00c9RIE B escalado no esquema 4-2-4 e com t\u00e9cnico Osmar Loss, que busca afirma\u00e7\u00e3o","link":"https:\/\/www.futebolinterior.com.br\/selecao-futebol-interior-da-serie-b-escalado-no-esquema-4-2-4-e-com-tecnico-osmar-loss-que-busca-afirmacao\/","chapeu":"SELE\u00c7\u00c3O DE EMO\u00c7\u00d5ES","data":"14\/06\/2015","imagem":0,"resumo":"O G4, grupo de acesso, ainda tem duas surpresas: Paysandu e Sampaio Corr\u00eaa, atr\u00e1s do invicto Botafogo e do vice-l\u00edder N\u00e1utico."},"640839":{"titulo":"S\u00e9rie B: Com propostas, Chic\u00e3o e Adriano Alves pedem para deixar Bahia","link":"https:\/\/www.futebolinterior.com.br\/serie-b-com-propostas-chicao-e-adriano-alves-pedem-para-deixar-bahia\/","chapeu":"AT\u00c9 MAIS!","data":"14\/06\/2015","imagem":"https:\/\/images.futebolinterior.com.br\/2021\/04\/0002050087577_img-300x292.jpg","resumo":"A diretoria do Bahia deve anunciar, nos pr\u00f3ximos dias, as libera\u00e7\u00f5es de dois jogadores. Os zagueiros Chic\u00e3o e Adriano Alves, que t\u00eam sido pouco aproveitados pelo t\u00e9cnico S\u00e9rgio Soa"},"640847":{"titulo":"Virou moda! Maca\u00e9 vende mando de campo para enfrentar Botafogo","link":"https:\/\/www.futebolinterior.com.br\/virou-moda-macae-vende-mando-de-campo-para-enfrentar-botafogo\/","chapeu":"DIN-DIN","data":"14\/06\/2015","imagem":"https:\/\/images.futebolinterior.com.br\/2021\/04\/0002050087550_img-300x200.jpg","resumo":"Alvianil praiano mandar\u00e1 o duelo contra o Fog\u00e3o em Bras\u00edlia"},"640851":{"titulo":"S\u00e9rie C: Fortaleza fica perto de acerto com Ricardo Berna, ex-Fluminense","link":"https:\/\/www.futebolinterior.com.br\/serie-c-fortaleza-fica-perto-de-acerto-com-ricardo-berna-ex-fluminense\/","chapeu":"NOVIDADE...","data":"14\/06\/2015","imagem":"https:\/\/images.futebolinterior.com.br\/2021\/04\/0002050087540_img-300x200.jpg","resumo":"Novo camisa 1 \u00e9 esperado nesta segunda-feira na capital cearense"}}