{"640229":{"titulo":"S\u00c9RIE B: Pap\u00e3o bate asas na Arena Pernambuco, enquanto Petkovic estreia com p\u00e9 direito no Crici\u00fama e ganha no grito","link":"https:\/\/www.futebolinterior.com.br\/serie-b-papao-bate-asas-na-arena-pernambuco-enquanto-petkovic-estreia-com-pe-direito-no-criciuma-e-ganha-no-grito\/","chapeu":"COME\u00c7O COM SURPRESAS","data":"16\/06\/2015","imagem":"https:\/\/images.futebolinterior.com.br\/2021\/04\/0002050088190_img.jpg","resumo":"Na Arena Pernambuco, o Paysandu segurou o empate por 1 a 1 com o N\u00e1utico, com ambos permanecendo dentro do G4 \u2013 zona de acesso. "},"640240":{"titulo":"S\u00e9rie B: Depois de levar de cinco, goleiro Rafael \u00e9 anunciado pelo Maca\u00e9","link":"https:\/\/www.futebolinterior.com.br\/serie-b-depois-de-levar-de-cinco-goleiro-rafael-e-anunciado-pelo-macae\/","chapeu":"NOVO CAMISA 1?","data":"16\/06\/2015","imagem":"https:\/\/images.futebolinterior.com.br\/2021\/04\/0002050088180_img-300x199.jpg","resumo":"O novo refor\u00e7o \u00e9 aguardado no Est\u00e1dio Moacyrz\u00e3o nesta quarta para iniciar os trabalhos com os novos companheiros e espera ficar \u00e0 disposi\u00e7\u00e3o do t\u00e9cnico Marcelo Cabo"},"640242":{"titulo":"S\u00e9rie B: Maca\u00e9 faz jogo duro e descarta libera\u00e7\u00e3o de Ricardo Berna para Fortaleza","link":"https:\/\/www.futebolinterior.com.br\/serie-b-macae-faz-jogo-duro-e-descarta-liberacao-de-ricardo-berna-para-fortaleza\/","chapeu":"COMPLICOU?","data":"16\/06\/2015","imagem":"https:\/\/images.futebolinterior.com.br\/2021\/04\/0002050088178_img.jpg","resumo":"Veterano fez o primeiro treino com o Le\u00e3o nesta quarta-feira, mas n\u00e3o pode atuar"},"640258":{"titulo":"N\u00e1utico 1 x 1 Paysandu - Pap\u00e3o busca empate, freia reabilita\u00e7\u00e3o rival e segue arrancando na S\u00e9rie B","link":"https:\/\/www.futebolinterior.com.br\/nautico-1-x-1-paysandu-papao-busca-empate-freia-reabilitacao-rival-e-segue-arrancando-na-serie-b\/","chapeu":"QUE JOGO!","data":"16\/06\/2015","imagem":0,"resumo":"O clube paraense vem de seis jogos de invencibilidade, enquanto que o Timbu j\u00e1 doma dois trope\u00e7os"},"640266":{"titulo":"S\u00e9rie B: Pr\u00f3ximo do ABC, Wallyson rescinde com Coritiba","link":"https:\/\/www.futebolinterior.com.br\/serie-b-proximo-do-abc-wallyson-rescinde-com-coritiba\/","chapeu":"DE VOLTA PRA CASA","data":"16\/06\/2015","imagem":"https:\/\/images.futebolinterior.com.br\/2021\/04\/0002050088153_img-300x179.jpg","resumo":"Em conversas adiantadas com a diretoria do Mais Querido, o atacante Wallyson rescindiu seu contrato com o Coritiba na tarde desta ter\u00e7a-feira"},"640287":{"titulo":"S\u00e9rie B: Sem Marcelo Mattos, Ren\u00e9 Sim\u00f5es esbo\u00e7a Botafogo com Giaretta no meio de campo","link":"https:\/\/www.futebolinterior.com.br\/serie-b-sem-marcelo-mattos-rene-simoes-esboca-botafogo-com-giaretta-no-meio-de-campo\/","chapeu":"PRONTO?","data":"16\/06\/2015","imagem":"https:\/\/images.futebolinterior.com.br\/2021\/04\/0002050088141_img-300x146.jpg","resumo":"Roger Carvalho, por sua vez, ganha uma vaga na zaga ao lado de Renan Fonseca"},"640299":{"titulo":"CBF nega que Del Nero tenha indicado diretores em gest\u00e3o de Marin","link":"https:\/\/www.futebolinterior.com.br\/cbf-nega-que-del-nero-tenha-indicado-diretores-em-gestao-de-marin\/","chapeu":"NADA DISSO","data":"16\/06\/2015","imagem":"https:\/\/images.futebolinterior.com.br\/2021\/04\/0002050088140_img-300x162.jpg","resumo":"A CBF negou que Marco Polo Del Nero tenha indicado diretores e funcion\u00e1rios para trabalhar na entidade, ainda sob a gest\u00e3o de Jos\u00e9 Maria Marin"},"640283":{"titulo":"S\u00e9rie B: Al\u00edrio Moraes d\u00e1 prazo para pagar sal\u00e1rios atrasados no Santa Cruz","link":"https:\/\/www.futebolinterior.com.br\/serie-b-alirio-moraes-da-prazo-para-pagar-salarios-atrasados-no-santa-cruz\/","chapeu":"VAI CUMPRIR?","data":"16\/06\/2015","imagem":"https:\/\/images.futebolinterior.com.br\/2021\/04\/0002050088138_img-300x226.jpg","resumo":"No entanto, a diretoria do Santa Cruz trabalha para colocar as contas em dia e, de acordo com o presidente Al\u00edrio Moraes, at\u00e9 sexta-feira o elenco vai receber o pagamento"},"640332":{"titulo":"S\u00e9rie B: Paran\u00e1 tenta \"mudar de casa\" antes de duelo contra lanterna","link":"https:\/\/www.futebolinterior.com.br\/serie-b-parana-tenta-mudar-de-casa-antes-de-duelo-contra-lanterna\/","chapeu":"VAI MUDAR?","data":"16\/06\/2015","imagem":"https:\/\/images.futebolinterior.com.br\/2021\/04\/0002050088110_img-300x171.png","resumo":"Diretoria quer mandar jogo contra Mogi Mirim no Ecoest\u00e1dio"},"640319":{"titulo":"S\u00e9rie B: Maca\u00e9 toma calote e cancela partida contra Botafogo em Bras\u00edlia","link":"https:\/\/www.futebolinterior.com.br\/serie-b-macae-toma-calote-e-cancela-partida-contra-botafogo-em-brasilia\/","chapeu":"E AGORA?","data":"16\/06\/2015","imagem":"https:\/\/images.futebolinterior.com.br\/2021\/04\/0002050088122_img-300x200.jpg","resumo":"Time carioca n\u00e3o foi pago pela produtora de eventos e confirmou cl\u00e1sscio para Moacyrz\u00e3o"}}