{"640060":{"titulo":"S\u00e9rie B: Boa Esporte acerta retorno de Clebson e aguarda regulariza\u00e7\u00e3o","link":"https:\/\/www.futebolinterior.com.br\/serie-b-boa-esporte-acerta-retorno-de-clebson-e-aguarda-regularizacao\/","chapeu":"DE VOLTA","data":"17\/06\/2015","imagem":"https:\/\/images.futebolinterior.com.br\/2021\/04\/0002050088314_img-300x170.jpg","resumo":"Quase dez dias depois de ser dispensado pelo Am\u00e9rica-RN, o meia Clebson foi anunciado na tarde desta quarta-feira como o novo refor\u00e7o do Boa Esporte para a disputa da S\u00e9rie B"},"640064":{"titulo":"S\u00e9rie B: Experiente, volante Magal retorna para retirar Mogi da lam\u00faria","link":"https:\/\/www.futebolinterior.com.br\/serie-b-experiente-volante-magal-retorna-para-retirar-mogi-da-lamuria\/","chapeu":"AGORA VAI!","data":"17\/06\/2015","imagem":"https:\/\/images.futebolinterior.com.br\/2021\/04\/0002050088312_img-300x201.jpg","resumo":"O jogador dever\u00e1 ganhar a vaga de Hygor no setor defensivo do Sap\u00e3o"},"640069":{"titulo":"S\u00e9rie B: Silas d\u00e1 aval e Cear\u00e1 contrata Silo\u00e9, ex-atacante de Guarani e Internacional","link":"https:\/\/www.futebolinterior.com.br\/serie-b-silas-da-aval-e-ceara-contrata-siloe-ex-atacante-de-guarani-e-internacional\/","chapeu":"OLHA ELE A\u00cd!","data":"17\/06\/2015","imagem":"https:\/\/images.futebolinterior.com.br\/2021\/04\/0002050088311_img-300x147.jpg","resumo":"O jogador chega para refor\u00e7ar um dos setores mais carentes da equipe na competi\u00e7\u00e3o"},"640083":{"titulo":"S\u00e9rie B: ABC \u00e9 pessimista sobre contrata\u00e7\u00e3o de Wallyson, ex-S\u00e3o Paulo","link":"https:\/\/www.futebolinterior.com.br\/serie-b-abc-e-pessimista-sobre-contratacao-de-wallyson-ex-sao-paulo\/","chapeu":"N\u00c3O VEM?","data":"17\/06\/2015","imagem":"https:\/\/images.futebolinterior.com.br\/2021\/04\/0002050088302_img-300x157.jpg","resumo":"O jogador acabara de rescindir com o Coritiba e est\u00e1 livre para refor\u00e7ar o Elefante"},"640098":{"titulo":"S\u00e9rie B: Lisca pede e N\u00e1utico est\u00e1 pr\u00f3ximo de anunciar Eloir, do Cear\u00e1","link":"https:\/\/www.futebolinterior.com.br\/serie-b-lisca-pede-e-nautico-esta-proximo-de-anunciar-eloir-do-ceara\/","chapeu":"QUASE CERTO","data":"17\/06\/2015","imagem":"https:\/\/images.futebolinterior.com.br\/2021\/04\/0002050088294_img-300x200.jpg","resumo":"A diretoria parece ter entendido o recado e est\u00e1 pr\u00f3xima de confirmar a contrata\u00e7\u00e3o do meia Eloir, que vem sendo pouco aproveitado no Cear\u00e1"},"640118":{"titulo":"S\u00e9rie B: Diretoria do Luverdense banca J\u00fanior Rocha ap\u00f3s nova derrota","link":"https:\/\/www.futebolinterior.com.br\/serie-b-diretoria-do-luverdense-banca-junior-rocha-apos-nova-derrota\/","chapeu":"ELE FICA!","data":"17\/06\/2015","imagem":"https:\/\/images.futebolinterior.com.br\/2021\/04\/0002050088282_img-300x153.jpg","resumo":"Mesmo assim, o presidente Helmute Lawisch bancou a perman\u00eancia do treinador J\u00fanior Rocha"},"640132":{"titulo":"S\u00e9rie B: CRB contrata Kanu, do Salgueiro, e negocia com Pery, ex-Ituano","link":"https:\/\/www.futebolinterior.com.br\/serie-b-crb-contrata-kanu-do-salgueiro-e-negocia-com-pery-ex-ituano\/","chapeu":"MERCADO!","data":"17\/06\/2015","imagem":"https:\/\/images.futebolinterior.com.br\/2021\/04\/0002050088272_img-300x210.jpg","resumo":"CRB assinou com o atacante Kanu, que estava disputando a S\u00e9rie C pelo Salgueiro. Al\u00e9m disso, encaminhou o acerto com o lateral-esquerdo Pery, ex-Ituano."},"640192":{"titulo":"Ganhar dinheiro na Copa Am\u00e9rica - Venha descobrir quem est\u00e1 faturando!","link":"https:\/\/www.futebolinterior.com.br\/ganhar-dinheiro-na-copa-america-venha-descobrir-quem-esta-faturando\/","chapeu":"GRANDE CHANCE!","data":"17\/06\/2015","imagem":"https:\/\/images.futebolinterior.com.br\/2021\/04\/0002050088220_img-300x132.png","resumo":"Quando assistir Futebol pode virar lucro! Com um pouco de conhecimento e ajuda de um guia redigido por um especialista em apostas esportivas Para ganhar dinheiro com as ap"},"640218":{"titulo":"S\u00e9rie B: O estreante t\u00e9cnico Petkovic acha que o importante foi come\u00e7ar a carreira vencendo no Crici\u00fama","link":"https:\/\/www.futebolinterior.com.br\/serie-b-o-estreante-tecnico-petkovic-acha-que-o-importante-foi-comecar-a-carreira-vencendo-no-criciuma\/","chapeu":"IMPORTANTE FOI VENCER","data":"17\/06\/2015","imagem":"https:\/\/images.futebolinterior.com.br\/2021\/04\/0002050088198_img-225x300.jpg","resumo":"\u201cA \u00fanica maneira de trabalhar no futebol \u00e9 planejando e organizando. O importante era fazer isso que fizemos hoje: vencer\""},"640224":{"titulo":"Luverdense 0 x 1 Crici\u00fama \u2013 Tigre se reabilita na S\u00e9rie B na estreia de Petkovic","link":"https:\/\/www.futebolinterior.com.br\/luverdense-0-x-1-criciuma-tigre-se-reabilita-na-serie-b-na-estreia-de-petkovic\/","chapeu":"P\u00c9 QUENTE","data":"16\/06\/2015","imagem":0,"resumo":"De p\u00eanalti, Rodrigo Andrade marcou o gol da vit\u00f3ria sobre o Luverdense, por 1 a 0, no Est\u00e1dio Passos da Ema, pela oitava rodada do Campeonato Brasileiro da S\u00e9rie B"}}