{"639748":{"titulo":"S\u00e9rie B: Marcelo Martelotte confirma time titular do Santa Cruz para enfrentar o Cear\u00e1","link":"https:\/\/www.futebolinterior.com.br\/serie-b-marcelo-martelotte-confirma-time-titular-do-santa-cruz-para-enfrentar-o-ceara\/","chapeu":"SEM MIST\u00c9RIO","data":"18\/06\/2015","imagem":"https:\/\/images.futebolinterior.com.br\/2021\/04\/0002050088588_img-300x137.png","resumo":"De volta ao comando do Santa Cruz depois de dois anos, o t\u00e9cnico Marcelo Martelotte ter\u00e1 a dif\u00edcil miss\u00e3o de provar que com o time pernambucano "},"639761":{"titulo":"Sampaio Corr\u00eaa x Bahia - Existe vida sem Robert, Bol\u00edvia?","link":"https:\/\/www.futebolinterior.com.br\/sampaio-correa-x-bahia-existe-vida-sem-robert-bolivia\/","chapeu":"QUE JOGO!","data":"18\/06\/2015","imagem":"https:\/\/images.futebolinterior.com.br\/2021\/04\/0002050088582_img-300x200.jpg","resumo":"O artilheiro deixou o clube nesta quinta-feira para acertar com o Vit\u00f3ria, rival da S\u00e9rie B"},"639766":{"titulo":"Paran\u00e1 x Mogi Mirim - Preparado pra a 1\u00aa vez, Sap\u00e3o?","link":"https:\/\/www.futebolinterior.com.br\/parana-x-mogi-mirim-preparado-pra-a-1a-vez-sapao\/","chapeu":"QUEM LEVA?","data":"18\/06\/2015","imagem":"https:\/\/images.futebolinterior.com.br\/2021\/04\/0002050088576_img-300x200.jpg","resumo":"O Tricolor, por\u00e9m, quer impedir qualquer surpresa e tenta engrenar a segunda vit\u00f3ria seguida para encostar no pelot\u00e3o da frente"},"639807":{"titulo":"S\u00c9RIE B: Botafogo pode disparar na lideran\u00e7a, enquanto Sampaio e Bahia fazem duelo pelo G4","link":"https:\/\/www.futebolinterior.com.br\/serie-b-botafogo-pode-disparar-na-lideranca-enquanto-sampaio-e-bahia-fazem-duelo-pelo-g4\/","chapeu":"SEXTA DE RODADA","data":"18\/06\/2015","imagem":"https:\/\/images.futebolinterior.com.br\/2021\/04\/0002050088554_img-300x200.jpg","resumo":"Depois do trope\u00e7o do N\u00e1utico, que apenas empatou por 1 a 1 com o Paysandu na \u00faltima ter\u00e7a-feira, o Botafogo tem a primeira chance de disparar na lideran\u00e7a"},"639791":{"titulo":"S\u00e9rie B: Botafogo vai rescindir com Marcelo Mattos para aliviar folha salarial","link":"https:\/\/www.futebolinterior.com.br\/serie-b-botafogo-vai-rescindir-com-marcelo-mattos-para-aliviar-folha-salarial\/","chapeu":"QUE FASE!","data":"18\/06\/2015","imagem":"https:\/\/images.futebolinterior.com.br\/2021\/04\/0002050088569_img-300x169.jpg","resumo":"O volante Marcelo Mattos vai mesmo deixar o Botafogo. Apesar de a rescis\u00e3o de contrato ainda n\u00e3o ter sido assinada"},"639785":{"titulo":"S\u00e9rie B: Crici\u00fama perde meia H\u00e9gon para clube mexicano","link":"https:\/\/www.futebolinterior.com.br\/serie-b-criciuma-perde-meia-hegon-para-clube-mexicano\/","chapeu":"VAI EMBORA","data":"18\/06\/2015","imagem":"https:\/\/images.futebolinterior.com.br\/2021\/04\/0002050088568_img-300x170.jpg","resumo":" N\u00e3o bastasse Cl\u00e9ber Santana, que acertou com a Chapecoense, o Crici\u00fama perdeu outro meia nesta quinta-feira. "},"639811":{"titulo":"S\u00e9rie B: Lima deixa o ABC e acerta com Arouca, clube do Campeonato Portugu\u00eas","link":"https:\/\/www.futebolinterior.com.br\/serie-b-lima-deixa-o-abc-e-acerta-com-arouca-clube-do-campeonato-portugues\/","chapeu":"ADEUS","data":"18\/06\/2015","imagem":"https:\/\/images.futebolinterior.com.br\/2021\/04\/0002050088547_img-300x200.jpg","resumo":" A boa campanha do ABC no Campeonato Brasileiro da S\u00e9rie B j\u00e1 est\u00e1 fazendo com que o clube perca alguns de seus melhores jogadores."},"639819":{"titulo":"Lanterna da S\u00e9rie B, Mogi Mirim perde a no\u00e7\u00e3o e cobrar\u00e1 o ingresso mais caro do Brasil","link":"https:\/\/www.futebolinterior.com.br\/lanterna-da-serie-b-mogi-mirim-perde-a-nocao-e-cobrara-o-ingresso-mais-caro-do-brasil\/","chapeu":"PARECE PIADA","data":"18\/06\/2015","imagem":"https:\/\/images.futebolinterior.com.br\/2021\/04\/0002050088536_img-235x300.jpg","resumo":"Com a justificativa de n\u00e3o cobrir as despesas com as arrecada\u00e7\u00f5es dos jogos efetuados no Est\u00e1dio Romildo Ferreira pelo Campeonato Brasileiro da S\u00e9rie B"},"639823":{"titulo":"S\u00e9rie B: Rec\u00e9m-contratado, Luciano Cast\u00e1n est\u00e1 regularizado para defender o Paran\u00e1","link":"https:\/\/www.futebolinterior.com.br\/serie-b-recem-contratado-luciano-castan-esta-regularizado-para-defender-o-parana\/","chapeu":"VAI PRO JOGO?","data":"18\/06\/2015","imagem":"https:\/\/images.futebolinterior.com.br\/2021\/04\/0002050088532_img-300x200.jpg","resumo":" Contratado na \u00faltima ter\u00e7a-feira, o zagueiro Luciano Cast\u00e1n j\u00e1 est\u00e1 liberado para reestrear com a camisa do Paran\u00e1 nesta sexta-feira"},"639831":{"titulo":"S\u00e9rie B: Moacir J\u00fanior tenta mudar a confian\u00e7a dos jogadores do Boa Esporte","link":"https:\/\/www.futebolinterior.com.br\/serie-b-moacir-junior-tenta-mudar-a-confianca-dos-jogadores-do-boa-esporte\/","chapeu":"CONFIANTE","data":"18\/06\/2015","imagem":"https:\/\/images.futebolinterior.com.br\/2021\/04\/0002050088525_img.jpg","resumo":"Contratado para tirar o Boa Esporte da parte debaixo da classifica\u00e7\u00e3o e levar o time para a briga pelo acesso, o t\u00e9cnico Moacir J\u00fanior "}}