{"639842":{"titulo":"S\u00e9rie B: Sampaio Corr\u00eaa perde Robert e tem d\u00favidas para encarar o Bahia","link":"https:\/\/www.futebolinterior.com.br\/serie-b-sampaio-correa-perde-robert-e-tem-duvidas-para-encarar-o-bahia\/","chapeu":"QUEM JOGA?","data":"18\/06\/2015","imagem":"https:\/\/images.futebolinterior.com.br\/2021\/04\/0002050088521_img-225x300.jpg","resumo":"Robert j\u00e1 \u00e9 passado no Sampaio Corr\u00eaa. Acertado com o Vit\u00f3ria, ele foi liberado nesta quinta-feira e n\u00e3o faz mais parte do elenco do Tubar\u00e3o "},"639851":{"titulo":"S\u00e9rie B: S\u00e9rgio Soares frustra torcedor do Bahia e n\u00e3o relaciona \u00c1vine para enfrentar o Sampaio Corr\u00eaa","link":"https:\/\/www.futebolinterior.com.br\/serie-b-sergio-soares-frustra-torcedor-do-bahia-e-nao-relaciona-avine-para-enfrentar-o-sampaio-correa\/","chapeu":"FORA NOVAMENTE","data":"18\/06\/2015","imagem":"https:\/\/images.futebolinterior.com.br\/2021\/04\/0002050088515_img-300x169.jpg","resumo":" H\u00e1 quase dois anos sem atuar em uma partida oficial, o lateral-esquerdo \u00c1vine voltou a treinar com o grupo principal na \u00faltima semana"},"639862":{"titulo":"Artilheiro do Brasil, Robert troca Sampaio Corr\u00eaa pelo Vit\u00f3ria","link":"https:\/\/www.futebolinterior.com.br\/artilheiro-do-brasil-robert-troca-sampaio-correa-pelo-vitoria\/","chapeu":"VIRA CASACA","data":"18\/06\/2015","imagem":"https:\/\/images.futebolinterior.com.br\/2021\/04\/0002050088506_img-300x172.jpg","resumo":" Robert n\u00e3o \u00e9 mais jogador do Sampaio Corr\u00eaa. Uma alta proposta do Vit\u00f3ria tirou o atacante do elenco Tricolor. "},"639864":{"titulo":"Bill, do Botafogo, \u00e9 acusado de amea\u00e7a de morte pela ex-mulher Sabrina de Oliveira Nascimento","link":"https:\/\/www.futebolinterior.com.br\/bill-do-botafogo-e-acusado-de-ameaca-de-morte-pela-ex-mulher-sabrina-de-oliveira-nascimento\/","chapeu":"KILL BILL!","data":"18\/06\/2015","imagem":"https:\/\/images.futebolinterior.com.br\/2021\/04\/0002050088503_img-300x148.jpg","resumo":"O atacante Bill, do Botafogo, foi acusado pela ex-mulher Sabrina de Oliveira Nascimento de amea\u00e7as de morte em \u00e1udio de WhatsApp."},"639878":{"titulo":"Com experi\u00eancia no futebol, Heriberto da Cunha busca novo clube","link":"https:\/\/www.futebolinterior.com.br\/com-experiencia-no-futebol-heriberto-da-cunha-busca-novo-clube\/","chapeu":"TRABALHO!","data":"18\/06\/2015","imagem":"https:\/\/images.futebolinterior.com.br\/2021\/04\/0002050088493_img.jpg","resumo":"Heriberto da Cunha tem conversado com pessoas ligadas ao futebol"},"639907":{"titulo":"Bahia entra na briga por atacante Rafael Costa, dispensado no Joinville","link":"https:\/\/www.futebolinterior.com.br\/bahia-entra-na-briga-por-atacante-rafael-costa-dispensado-no-joinville\/","chapeu":"QUEM LEVA?","data":"18\/06\/2015","imagem":"https:\/\/images.futebolinterior.com.br\/2021\/04\/0002050088475_img-300x229.jpg","resumo":"Acusado de corpo mole, ele subiu com a Ponte Preta na S\u00e9rie B do ano passado. Foi importante em muitos jogos. Fez gols decisivos"},"639974":{"titulo":"S\u00e9rie B: Atl\u00e9tico-GO acerta com J\u00fanior Vi\u00e7osa, ex-Gr\u00eamio, e an\u00fancio oficial deve acontecer em breve","link":"https:\/\/www.futebolinterior.com.br\/serie-b-atletico-go-acerta-com-junior-vicosa-ex-gremio-e-anuncio-oficial-deve-acontecer-em-breve\/","chapeu":"FALTA ASSSINAR!","data":"17\/06\/2015","imagem":"https:\/\/images.futebolinterior.com.br\/2021\/04\/0002050088390_img-300x169.jpg","resumo":"O jogador j\u00e1 est\u00e1 treinando nas depend\u00eancias do Drag\u00e3o e est\u00e1 muito pr\u00f3ximo de refor\u00e7ar a equipe"},"640004":{"titulo":"S\u00e9rie B: Titular no Botafogo, Gilberto exalta bom momento e fala em Olimp\u00edada pela sele\u00e7\u00e3o brasileira","link":"https:\/\/www.futebolinterior.com.br\/serie-b-titular-no-botafogo-gilberto-exalta-bom-momento-e-fala-em-olimpiada-pela-selecao-brasileira\/","chapeu":"CONFIANTE","data":"17\/06\/2015","imagem":"https:\/\/images.futebolinterior.com.br\/2021\/04\/0002050088377_img-300x188.jpg","resumo":"Convocado para a sele\u00e7\u00e3o brasileira que vai disputar os Jogos Pan-Americanos de Toronto, no Canad\u00e1, no pr\u00f3ximo m\u00eas, o lateral-direito Gilberto"},"640000":{"titulo":"S\u00e9rie B: Com problemas particulares, Wallace deixa Luverdense","link":"https:\/\/www.futebolinterior.com.br\/serie-b-com-problemas-particulares-wallace-deixa-luverdense\/","chapeu":"TCHAU","data":"17\/06\/2015","imagem":"https:\/\/images.futebolinterior.com.br\/2021\/04\/0002050088373_img.jpg","resumo":"Sem ser muito aproveitado pelo t\u00e9cnico J\u00falio Rocha neste Campeonato Brasileiro da S\u00e9rie B, o zagueiro Wallace n\u00e3o faz mais parte do elenco do Luverdense"},"640002":{"titulo":"S\u00e9rie B: CBF confirma jogo entre Maca\u00e9 e Botafogo no Moacyrz\u00e3o","link":"https:\/\/www.futebolinterior.com.br\/serie-b-cbf-confirma-jogo-entre-macae-e-botafogo-no-moacyrzao\/","chapeu":"E BRAS\u00cdLIA?","data":"17\/06\/2015","imagem":"https:\/\/images.futebolinterior.com.br\/2021\/04\/0002050088372_img-300x211.jpg","resumo":"O Le\u00e3o pediu para a partida acontecer em Maca\u00e9, pois a empresa que colocaria o jogo no Man\u00e9 Garrincha n\u00e3o fez o pagamento na data marcada"}}