{"639636":{"titulo":"S\u00e9rie B: Zagueiro Ramon treina bem e volta a ser escalado no Vit\u00f3ria","link":"https:\/\/www.futebolinterior.com.br\/serie-b-zagueiro-ramon-treina-bem-e-volta-a-ser-escalado-no-vitoria\/","chapeu":"AGORA VAI","data":"19\/06\/2015","imagem":"https:\/\/images.futebolinterior.com.br\/2021\/04\/0002050088699_img-201x300.jpg","resumo":" Vit\u00f3ria finalizou sua prepara\u00e7\u00e3o nesta sexta-feira,pela manh\u00e3, no gramado do Est\u00e1dio Roberto Santos"},"639638":{"titulo":"Vladimir de Jesus aguarda propostas para o restante da temporada","link":"https:\/\/www.futebolinterior.com.br\/vladimir-de-jesus-aguarda-propostas-para-o-restante-da-temporada\/","chapeu":"NA LUTA!","data":"19\/06\/2015","imagem":"https:\/\/images.futebolinterior.com.br\/2021\/04\/0002050088698_img-300x169.jpg","resumo":"Com experi\u00eancia em grandes competi\u00e7\u00f5es, o treinador aguarda propostas para voltar a trabalhar ainda nesta temporada"},"639645":{"titulo":"S\u00e9rie B: Por pedidos de Mazola J\u00fanior, CRB contrata Wellington Saci e Danilo Bueno","link":"https:\/\/www.futebolinterior.com.br\/serie-b-por-pedidos-de-mazola-junior-crb-contrata-wellington-saci-e-danilo-bueno\/","chapeu":"DOIS DE UMA VEZ","data":"19\/06\/2015","imagem":"https:\/\/images.futebolinterior.com.br\/2021\/04\/0002050088692_img-300x170.jpg","resumo":"Preocupado com o elenco enxuto, o t\u00e9cnico Mazola J\u00fanior fez pedidos de contrata\u00e7\u00f5es para a diretoria do CRB \u00e9 foi atendido."},"639980":{"titulo":"S\u00e9rie B: Bragantino perde volante Bruno Costa para enfrentar o Oeste","link":"https:\/\/www.futebolinterior.com.br\/serie-b-bragantino-perde-volante-bruno-costa-para-enfrentar-o-oeste\/","chapeu":"PROBLEMA","data":"19\/06\/2015","imagem":"https:\/\/images.futebolinterior.com.br\/2021\/04\/0002050088383_img-300x221.jpg","resumo":" O t\u00e9cnico Osmar Loss ter\u00e1 um desfalque ap\u00f3s o jogo contra o Maca\u00e9, no Rio de Janeiro. "},"639653":{"titulo":"S\u00e9rie B: Vindo de goleada e com diversos desfalques, Maca\u00e9 viaja indefinido para Macei\u00f3","link":"https:\/\/www.futebolinterior.com.br\/serie-b-vindo-de-goleada-e-com-diversos-desfalques-macae-viaja-indefinido-para-maceio\/","chapeu":"PROBLEMAS","data":"19\/06\/2015","imagem":"https:\/\/images.futebolinterior.com.br\/2021\/04\/0002050088686_img-300x200.jpg","resumo":" A derrota pela goleada de 5 a 2, para o Bragantino, na \u00faltima rodada, deixou o t\u00e9cnico do Maca\u00e9, Marcelo Cabo, de cabelo em p\u00e9"},"639666":{"titulo":"S\u00e9rie B: Givanildo Oliveira aguarda Leandro Guerreiro para definir o Am\u00e9rica-MG","link":"https:\/\/www.futebolinterior.com.br\/serie-b-givanildo-oliveira-aguarda-leandro-guerreiro-para-definir-o-america-mg\/","chapeu":"\u00c1 ESPERA","data":"19\/06\/2015","imagem":"https:\/\/images.futebolinterior.com.br\/2021\/04\/0002050088680_img-300x200.jpg","resumo":" O t\u00e9cnico Givanildo Oliveira comandou o primeiro coletivo do Am\u00e9rica-MG da semana em busca da melhor forma\u00e7\u00e3o para o confronto contra o Atl\u00e9tico-GO"},"639711":{"titulo":"Sele\u00e7\u00e3o Brasileira perto do fundo do po\u00e7o","link":"https:\/\/www.futebolinterior.com.br\/selecao-brasileira-perto-do-fundo-do-poco\/","chapeu":"OPINI\u00c3O","data":"19\/06\/2015","imagem":"https:\/\/images.futebolinterior.com.br\/2021\/04\/0002050088643_img-300x157.jpg","resumo":"Neymar aceitou a provoca\u00e7\u00e3o dos colombianos e foi expulso com raz\u00e3o pelo \u00e1rbitro da partida. Sem ele, dificilmente a Sele\u00e7\u00e3o chegar\u00e1 a decis\u00e3o da Copa Am\u00e9rica"},"639727":{"titulo":"S\u00e9rie B: Maca\u00e9 apresenta goleiro Rafael, ex-Vasco e Fluminense","link":"https:\/\/www.futebolinterior.com.br\/serie-b-macae-apresenta-goleiro-rafael-ex-vasco-e-fluminense\/","chapeu":"ASSINOU!","data":"18\/06\/2015","imagem":"https:\/\/images.futebolinterior.com.br\/2021\/04\/0002050088612_img-300x200.jpg","resumo":"O jogador chega para disputar posi\u00e7\u00e3o com Fernando Ribeiro e Bruno Miranda"},"639731":{"titulo":"S\u00e9rie B: Atl\u00e9tico-GO perde dois zagueiros para enfrentar o Am\u00e9rica-MG","link":"https:\/\/www.futebolinterior.com.br\/serie-b-atletico-go-perde-dois-zagueiros-para-enfrentar-o-america-mg\/","chapeu":"DESFALCADO","data":"18\/06\/2015","imagem":"https:\/\/images.futebolinterior.com.br\/2021\/04\/0002050088606_img-300x185.jpg","resumo":"O t\u00e9cnico Jorginho tem problemas para escalar o Atl\u00e9tico-GO que vai a campo neste s\u00e1bado, para enfrentar o Am\u00e9rica-MG"},"639758":{"titulo":"Botafogo x Boa Esporte \u2013 Fog\u00e3o tenta disparar na lideran\u00e7a","link":"https:\/\/www.futebolinterior.com.br\/botafogo-x-boa-esporte-fogao-tenta-disparar-na-lideranca\/","chapeu":"GRANDE CHANCE!","data":"18\/06\/2015","imagem":"https:\/\/images.futebolinterior.com.br\/2021\/04\/0002050088584_img-300x200.jpg","resumo":" Tido como o favorito ao t\u00edtulo do Campeonato Brasileiro da S\u00e9rie B, at\u00e9 pela tradi\u00e7\u00e3o e hist\u00f3ria envolvida, o Botafogo vai fazendo a sua parte e lidera a competi\u00e7\u00e3o. "}}