{"639522":{"titulo":"Vit\u00f3ria x ABC - Le\u00e3o se apega aos n\u00fameros para vencer na estreia de Mancini no Barrad\u00e3o","link":"https:\/\/www.futebolinterior.com.br\/vitoria-x-abc-leao-se-apega-aos-numeros-para-vencer-na-estreia-de-mancini-no-barradao\/","chapeu":"NO CALOR DA MASSA","data":"19\/06\/2015","imagem":"https:\/\/images.futebolinterior.com.br\/2021\/04\/0002050088781_img-300x221.jpg","resumo":"Em quatro jogos que realizou em casa na S\u00e9rie B, o Vit\u00f3ria venceu tr\u00eas e empatou um"},"639490":{"titulo":"S\u00e9rie B: Santa Cruz acerta sal\u00e1rios de abril com elenco; funcion\u00e1rios ainda aguardam","link":"https:\/\/www.futebolinterior.com.br\/serie-b-santa-cruz-acerta-salarios-de-abril-com-elenco-funcionarios-ainda-aguardam\/","chapeu":"BOA NOT\u00cdCIA","data":"19\/06\/2015","imagem":"https:\/\/images.futebolinterior.com.br\/2021\/04\/0002050088795_img-300x200.jpg","resumo":"Nesta sexta-feira, a diretoria pagou os sal\u00e1rios atrasados referentes ao m\u00eas de abril e agora est\u00e1 devendo apenas os de abril. Por outro lado, os funcion\u00e1rios seguem sem ver a cor "},"639501":{"titulo":"CRB x Maca\u00e9 \u2013 Hora da vingan\u00e7a na S\u00e9rie B!","link":"https:\/\/www.futebolinterior.com.br\/crb-x-macae-hora-da-vinganca-na-serie-b\/","chapeu":"TE CONHE\u00c7O!","data":"19\/06\/2015","imagem":"https:\/\/images.futebolinterior.com.br\/2021\/04\/0002050088790_img-300x200.jpg","resumo":"CBR e Maca\u00e9 voltam a se enfrentar nesta temporada, mas desta vez na 8\u00aa rodada do Campeonato Brasileiro da S\u00e9rie B"},"639509":{"titulo":"Am\u00e9rica-MG x Atl\u00e9tico-GO - Ah se o futebol fosse uma ci\u00eancia exata...","link":"https:\/\/www.futebolinterior.com.br\/america-mg-x-atletico-go-ah-se-o-futebol-fosse-uma-ciencia-exata\/","chapeu":"VAI DAR A L\u00d3GICA?","data":"19\/06\/2015","imagem":"https:\/\/images.futebolinterior.com.br\/2021\/04\/0002050088785_img-300x221.jpg","resumo":"Am\u00e9rica-MG recebe um dos piores visitantes, o Atl\u00e9tico-GO, neste s\u00e1bado, a partir das 16h30, na Arena Independ\u00eancia, em Belo Horizonte, pela S\u00e9rie B."},"639575":{"titulo":"S\u00e9rie C: Fortaleza cogita oferecer Deola, ex-Palmeiras, para liberar goleiro do Maca\u00e9","link":"https:\/\/www.futebolinterior.com.br\/serie-c-fortaleza-cogita-oferecer-deola-ex-palmeiras-para-liberar-goleiro-do-macae\/","chapeu":"AGORA VAI?","data":"19\/06\/2015","imagem":"https:\/\/images.futebolinterior.com.br\/2021\/04\/0002050088745_img.jpg","resumo":"Diretorias esperam resolver o imbr\u00f3glio at\u00e9 a pr\u00f3xima segunda-feira"},"639571":{"titulo":"S\u00e9rie B: Cear\u00e1 pode ter estreia de Silo\u00e9 e Fabinho contra o Santa Cruz","link":"https:\/\/www.futebolinterior.com.br\/serie-b-ceara-pode-ter-estreia-de-siloe-e-fabinho-contra-o-santa-cruz\/","chapeu":"NOVIDADES","data":"19\/06\/2015","imagem":"https:\/\/images.futebolinterior.com.br\/2021\/04\/0002050088750_img-227x300.jpg","resumo":"Apresentados ainda nesta semana como novos jogadores do Cear\u00e1, os atacantes Silo\u00e9 e Fabinho poder\u00e3o fazer as suas estreias com a camisa do clube neste s\u00e1bado"},"639593":{"titulo":"S\u00e9rie B: \u201cParsa\u201d de Neymar, Geovane Loubo desaponta e \u00e9 dispensado pelo Mogi Mirim","link":"https:\/\/www.futebolinterior.com.br\/serie-b-parsa-de-neymar-geovane-loubo-desaponta-e-e-dispensado-pelo-mogi-mirim\/","chapeu":"ADEUS","data":"19\/06\/2015","imagem":"https:\/\/images.futebolinterior.com.br\/2021\/04\/0002050088724_img-300x200.jpg","resumo":"O meia Geovane Loubo ir\u00e1 acertar sua rescis\u00e3o de contrato com o Mogi Mirim nos pr\u00f3ximos dias."},"639595":{"titulo":"S\u00e9rie B: Oeste foca na marca\u00e7\u00e3o para enfrentar o Bragantino","link":"https:\/\/www.futebolinterior.com.br\/serie-b-oeste-foca-na-marcacao-para-enfrentar-o-bragantino\/","chapeu":"PREOCUPA\u00c7\u00c3O","data":"19\/06\/2015","imagem":"https:\/\/images.futebolinterior.com.br\/2021\/04\/0002050088723_img-300x172.jpg","resumo":" O Oeste fez o \u00faltimo apronto na manh\u00e3 desta sexta-feira antes de enfrentar o Bragantino, no s\u00e1bado, fora de casa, \u00e0s 21 horas"},"639606":{"titulo":"Lorival Santos recebe sondagens de clubes das S\u00e9ries B e C","link":"https:\/\/www.futebolinterior.com.br\/lorival-santos-recebe-sondagens-de-clubes-das-series-b-e-c\/","chapeu":"OLHA ELE AI!","data":"19\/06\/2015","imagem":"https:\/\/images.futebolinterior.com.br\/2021\/04\/0002050088720_img-300x300.jpg","resumo":"Lorival Santos est\u00e1 de volta ao mercado desde que deixou o Coruripe. L\u00e1, ele foi vice-campe\u00e3o alagoano"},"639610":{"titulo":"S\u00e9rie B: T\u00e9cnico do ABC revela d\u00favida sentre Edno e Ronaldo Mendes para enfrentar o Vit\u00f3ria","link":"https:\/\/www.futebolinterior.com.br\/serie-b-tecnico-do-abc-revela-duvida-sentre-edno-e-ronaldo-mendes-para-enfrentar-o-vitoria\/","chapeu":"QUEM JOGA?","data":"19\/06\/2015","imagem":"https:\/\/images.futebolinterior.com.br\/2021\/04\/0002050088715_img-300x225.jpg","resumo":" O ABC quer voltar para as primeiras coloca\u00e7\u00f5es do Campeonato Brasileiro da S\u00e9rie B. Para isso, ter\u00e1 uma dif\u00edcil miss\u00e3o contra o Vit\u00f3ria"}}