{"639425":{"titulo":"Auxiliar t\u00e9cnico do Braga \u00e9 pe\u00e7a fundamental nos trabalhos do dia a dia do clube","link":"https:\/\/www.futebolinterior.com.br\/auxiliar-tecnico-do-braga-e-peca-fundamental-nos-trabalhos-do-dia-a-dia-do-clube\/","chapeu":"\u00c9 IMPORTANTE","data":"19\/06\/2015","imagem":"https:\/\/images.futebolinterior.com.br\/2021\/04\/0002050088866_img-300x141.jpg","resumo":"Thiago Gomes \u00e9 o bra\u00e7o direito de Osmar Loss e pe\u00e7a fundamental no trabalho do clube. O auxiliar \u00e9 respons\u00e1vel pela sequ\u00eancia do trabalho iniciado pelo treinador no dia a dia"},"639432":{"titulo":"Paran\u00e1 3 x 1 Mogi Mirim \u2013 De virada, Tricolor afunda Sap\u00e3o","link":"https:\/\/www.futebolinterior.com.br\/parana-3-x-1-mogi-mirim-de-virada-tricolor-afunda-sapao\/","chapeu":"A COISA T\u00c1 FEIA","data":"19\/06\/2015","imagem":0,"resumo":"Apesar de ter sa\u00eddo na frente do placar na noite desta sexta-feira, o time paulista n\u00e3o aguentou a press\u00e3o e, de virada, perdeu para o Paran\u00e1, por 3 a 1"},"639441":{"titulo":"S\u00e9rie B: Oeste treinou bem na semana e leva confian\u00e7a at\u00e9 Bragan\u00e7a Paulista em busca da reabilita\u00e7\u00e3o","link":"https:\/\/www.futebolinterior.com.br\/serie-b-oeste-treinou-bem-na-semana-e-leva-confianca-ate-braganca-paulista-em-busca-da-reabilitacao\/","chapeu":"BEM PREPARADO","data":"19\/06\/2015","imagem":"https:\/\/images.futebolinterior.com.br\/2021\/04\/0002050088846_img-300x183.jpg","resumo":"O objetivo \u00e9 buscar a reabilita\u00e7\u00e3o, uma vez que na rodada passada, em casa, o Oeste perdeu para o l\u00edder Botafogo, por apenas 1 a 0. "},"639437":{"titulo":"Sampaio Corr\u00eaa 0 x 0 Bahia - Sem Robert, Castel\u00e3o n\u00e3o entrou em festa...","link":"https:\/\/www.futebolinterior.com.br\/sampaio-correa-0-x-0-bahia-sem-robert-castelao-nao-entrou-em-festa\/","chapeu":"N\u00c3O ROLOU!","data":"19\/06\/2015","imagem":0,"resumo":"O resultado pode fazer com que ambas as equipes fiquem fora do G4 no final da rodada"},"639445":{"titulo":"Cear\u00e1 x Santa Cruz - Apenas um vai se recuperar...","link":"https:\/\/www.futebolinterior.com.br\/ceara-x-santa-cruz-apenas-um-vai-se-recuperar\/","chapeu":"DUELO QUENTE","data":"19\/06\/2015","imagem":"https:\/\/images.futebolinterior.com.br\/2021\/04\/0002050088837_img-300x200.jpg","resumo":"Em crise, rivais buscam reden\u00e7\u00e3o na S\u00e9rie B"},"639452":{"titulo":"Bragantino x Oeste - Massa Bruta tenta engatar a 3\u00aa na S\u00e9rie B","link":"https:\/\/www.futebolinterior.com.br\/bragantino-x-oeste-massa-bruta-tenta-engatar-a-3a-na-serie-b\/","chapeu":"\u00c9 CL\u00c1SSICO","data":"19\/06\/2015","imagem":"https:\/\/images.futebolinterior.com.br\/2021\/04\/0002050088830_img-300x225.jpg","resumo":"Time de Bragan\u00e7a vem de vit\u00f3rias sobre Bahia e Maca\u00e9"},"639456":{"titulo":"S\u00e9rie B: Ap\u00f3s rescindir com Botafogo, Marcelo Mattos entra na mira do Vit\u00f3ria","link":"https:\/\/www.futebolinterior.com.br\/serie-b-apos-rescindir-com-botafogo-marcelo-mattos-entra-na-mira-do-vitoria\/","chapeu":"VAI FECHAR?","data":"19\/06\/2015","imagem":"https:\/\/images.futebolinterior.com.br\/2021\/04\/0002050088826_img-300x200.jpg","resumo":"O experiente Marcelo Mattos pode ser o novo refor\u00e7o do Vit\u00f3ria para a sequ\u00eancia do Campeonato Brasileiro da S\u00e9rie B"},"639458":{"titulo":"S\u00e9rie B: Em hist\u00f3rico equilibrado, Cear\u00e1 e Santa Cruz fazem cl\u00e1ssico dos desesperados na Arena Castel\u00e3o","link":"https:\/\/www.futebolinterior.com.br\/serie-b-em-historico-equilibrado-ceara-e-santa-cruz-fazem-classico-dos-desesperados-na-arena-castelao\/","chapeu":"DESESPERO NO CASTEL\u00c3O","data":"19\/06\/2015","imagem":"https:\/\/images.futebolinterior.com.br\/2021\/04\/0002050088824_img-300x177.jpg","resumo":"O Ceara t\u00eam retrospecto favor\u00e1vel sendo o mandante do confronto, com sete vit\u00f3rias, tr\u00eas empates e, tr\u00eas derrotas"},"639472":{"titulo":"S\u00e9rie B: Vit\u00f3ria, com V\u00e1gner Mancini, tenta manter tabu de 15 anos sem perder para o ABC","link":"https:\/\/www.futebolinterior.com.br\/serie-b-vitoria-com-vagner-mancini-tenta-manter-tabu-de-15-anos-sem-perder-para-o-abc\/","chapeu":"VIT\u00d3RIA DEFENDE TABU","data":"19\/06\/2015","imagem":"https:\/\/images.futebolinterior.com.br\/2021\/04\/0002050088821_img-300x222.jpg","resumo":"O Le\u00e3o baiano \u00e9 o 8\u00ba colocado com 13 pontos (quatro vit\u00f3rias, um empate e duas derrotas) e, o Elefante da Frasqueira com 11 pontos (tr\u00eas vit\u00f3rias, dois empates e duas derrotas)"},"639537":{"titulo":"S\u00c9RIE B: Duelo de paulista e de nordestinos na zona de rebaixamento fecham a oitava rodada","link":"https:\/\/www.futebolinterior.com.br\/serie-b-duelo-de-paulista-e-de-nordestinos-na-zona-de-rebaixamento-fecham-a-oitava-rodada\/","chapeu":"EMO\u00c7\u00c3O","data":"19\/06\/2015","imagem":"https:\/\/images.futebolinterior.com.br\/2021\/04\/0002050088766_img-300x225.jpg","resumo":"O Campeonato Brasileiro da S\u00e9rie B ter\u00e1 a sua oitava rodada fechada neste s\u00e1bado com os \u00faltimos cinco jogos."}}