{"639010":{"titulo":"S\u00e9rie B: Em grande fase, Bragantino j\u00e1 sonha em chegar no G4","link":"https:\/\/www.futebolinterior.com.br\/serie-b-em-grande-fase-bragantino-ja-sonha-em-chegar-no-g4\/","chapeu":"SER\u00c1 QUE D\u00c1?","data":"22\/06\/2015","imagem":"https:\/\/images.futebolinterior.com.br\/2021\/04\/0002050089525_img-225x300.jpg","resumo":"Nas \u00faltimas tr\u00eas rodadas da S\u00e9rie B do Campeonato Brasileiro, a equipe que mais pontuou foi o Bragantino."},"639029":{"titulo":"S\u00e9rie B: Sem tempo para treinar, V\u00e1gner Mancini \u00e9 obrigado a mexer no Vit\u00f3ria","link":"https:\/\/www.futebolinterior.com.br\/serie-b-sem-tempo-para-treinar-vagner-mancini-e-obrigado-a-mexer-no-vitoria\/","chapeu":"MUITOS SUSPENSOS","data":"22\/06\/2015","imagem":"https:\/\/images.futebolinterior.com.br\/2021\/04\/0002050089509_img-300x189.jpg","resumo":"O trunfo por 2 a 0 sobre o ABC, neste final de semana, colocou o Vit\u00f3ria de volta no G4 do Campeonato Brasileiro da S\u00e9rie B"},"639042":{"titulo":"Luto! Morre Carlinhos, t\u00e9cnico bicampe\u00e3o brasileiro e um dos maiores \u00eddolos do Flamengo","link":"https:\/\/www.futebolinterior.com.br\/luto-morre-carlinhos-tecnico-bicampeao-brasileiro-e-um-dos-maiores-idolos-do-flamengo\/","chapeu":"VAI DEIXAR SAUDADES","data":"22\/06\/2015","imagem":"https:\/\/images.futebolinterior.com.br\/2021\/04\/0002050089497_img-300x175.jpg","resumo":"s flamenguistas acordaram muito tristes na manh\u00e3 desta segunda-feira. N\u00e3o porque o time est\u00e1 na zona de rebaixamento do Brasileir\u00e3o"},"639057":{"titulo":"Z\u00e9 Carlos vira artilheiro no CRB e recebe homenagem no Hat-Trick FI","link":"https:\/\/www.futebolinterior.com.br\/ze-carlos-vira-artilheiro-no-crb-e-recebe-homenagem-no-hat-trick-fi\/","chapeu":"ESSE \u00c9 FERA","data":"22\/06\/2015","imagem":0,"resumo":"- O programa FANT\u00c1STICO faz sucesso h\u00e1 v\u00e1rias d\u00e9cadas naTV Globo e tem l\u00e1, num de seus destaques, um espa\u00e7o dedicado aos artilheiros que marcam tr\u00eas gols ou mais num s\u00f3 jogo. "},"639140":{"titulo":"Sele\u00e7\u00e3o Futebol Interior da S\u00c9RIE B tem Goleiro Pared\u00e3o e Artilheiro Hat Trick FI","link":"https:\/\/www.futebolinterior.com.br\/selecao-futebol-interior-da-serie-b-tem-goleiro-paredao-e-artilheiro-hat-trick-fi\/","chapeu":"QUANTA GENTE BOA...","data":"21\/06\/2015","imagem":0,"resumo":"E tem muito mais gente boa por a\u00ed, como Pikachu, que continua marcando gols pelo Paysandu, o experiente Mancini que continua decidindo jogos pelo Am\u00e9rica Mineiro e o meia Marinho"},"639122":{"titulo":"Vit\u00f3ria da Sele\u00e7\u00e3o na Copa Am\u00e9rica livra CBF de vexame hist\u00f3rico","link":"https:\/\/www.futebolinterior.com.br\/vitoria-da-selecao-na-copa-america-livra-cbf-de-vexame-historico\/","chapeu":"QUE FASE..","data":"21\/06\/2015","imagem":"https:\/\/images.futebolinterior.com.br\/2021\/04\/0002050089403_img-300x202.jpg","resumo":"Entidade teve que engolir elimina\u00e7\u00e3o precoce no feminino e derrota no Sub-20"},"639133":{"titulo":"T\u00e9cnico campe\u00e3o da A3, Ito Roque \u00e9 o convidado do \u201cCamarote RF\u201d","link":"https:\/\/www.futebolinterior.com.br\/tecnico-campeao-da-a3-ito-roque-e-o-convidado-do-camarote-rf\/","chapeu":"BAITA PROGRAMA!","data":"21\/06\/2015","imagem":"https:\/\/images.futebolinterior.com.br\/2021\/04\/0002050089383_img-300x225.jpg","resumo":" O programa \u201cCamarote\u201d, da Rede Fam\u00edlia de Televis\u00e3o, abre espa\u00e7o na noite desta segunda-feira para o treinador campe\u00e3o paulista da A3 pelo Taubat\u00e9, Ito Roque"},"639159":{"titulo":"S\u00e9rie B: Meia argentino Ca\u00f1ete rescinde com S\u00e3o Paulo e acerta com CRB","link":"https:\/\/www.futebolinterior.com.br\/serie-b-meia-argentino-canete-rescinde-com-sao-paulo-e-acerta-com-crb\/","chapeu":"NOVIDADE...","data":"21\/06\/2015","imagem":"https:\/\/images.futebolinterior.com.br\/2021\/04\/0002050089349_img-300x154.jpg","resumo":"Jogador \u00e9 o sexto refor\u00e7o da era Mazola J\u00fanior no Galo"},"639192":{"titulo":"Marinho, do Cear\u00e1, \u00e9 surpreendido ao saber da suspens\u00e3o: \"Que m...\". Veja o v\u00eddeo!","link":"https:\/\/www.futebolinterior.com.br\/marinho-do-ceara-e-surpreendido-ao-saber-da-suspensao-que-m-veja-o-video\/","chapeu":"\"N\u00c3O SABIA N\u00c3O\"","data":"21\/06\/2015","imagem":0,"resumo":"Ap\u00f3s a partida, durante entrevista ainda no gramado, Marinho foi surpreendido pelos jornalistas ao ficar sabendo da suspens\u00e3o"},"639194":{"titulo":"S\u00e9rie B: Sampaio Corr\u00eaa contrata Douglas, campe\u00e3o paranaense com o Oper\u00e1rio, para substituir Robert","link":"https:\/\/www.futebolinterior.com.br\/serie-b-sampaio-correa-contrata-douglas-campeao-paranaense-com-o-operario-para-substituir-robert\/","chapeu":"NOVO ARTILHEIRO","data":"21\/06\/2015","imagem":"https:\/\/images.futebolinterior.com.br\/2021\/04\/0002050089213_img-300x225.jpg","resumo":"O presidente do Sampaio Corr\u00eaa, Sergio Frota n\u00e3o perdeu tempo e anunciou a contrata\u00e7\u00e3o do atacante Douglas, vice-artilheiro (oito gols marcados) e campe\u00e3o paranaense 2015"}}