{"638495":{"titulo":"S\u00c9RIE B: Paysandu vira o vice-l\u00edder com gol aos 50 minutos e Am\u00e9rica-MG continua no G4","link":"https:\/\/www.futebolinterior.com.br\/serie-b-paysandu-vira-o-vice-lider-com-gol-aos-50-minutos-e-america-mg-continua-no-g4\/","chapeu":"PAP\u00c3O FAZ A FESTA !","data":"24\/06\/2015","imagem":"https:\/\/images.futebolinterior.com.br\/2021\/04\/0002050089916_img-300x247.png","resumo":"Dois jogos equilibrados e emocionantes abriram, nesta ter\u00e7a-feira \u00e0 noite, a 9.\u00aa rodada do Campeonato Brasileiro da S\u00e9rie B. O Am\u00e9rica Mineiro segurou o empate, por 2 a 2"},"638498":{"titulo":"Paysandu 1 x 0 Vit\u00f3ria - Pap\u00e3o marca nos acr\u00e9scimos e \u00e9 vice-l\u00edder da S\u00e9rie B","link":"https:\/\/www.futebolinterior.com.br\/paysandu-1-x-0-vitoria-papao-marca-nos-acrescimos-e-e-vice-lider-da-serie-b\/","chapeu":"QUE SUFOCO","data":"24\/06\/2015","imagem":0,"resumo":"No \u00faltimo lance do jogo, Carlinhos arriscou de fora da \u00e1rea e contou com um desvio para dar a vit\u00f3ria ao Paysandu sobre o Vit\u00f3ria, por 1 a 0, em duelo v\u00e1lido pela nona rodada "},"638506":{"titulo":"S\u00f3 no FI! Confira todos os times que j\u00e1 conquistaram acesso no Brasil em 2015","link":"https:\/\/www.futebolinterior.com.br\/so-no-fi-confira-todos-os-times-que-ja-conquistaram-acesso-no-brasil-em-2015\/","chapeu":"SEU TIME EST\u00c1 NA LISTA?","data":"23\/06\/2015","imagem":"https:\/\/images.futebolinterior.com.br\/2021\/04\/0002050089909_img-300x200.jpg","resumo":"No Estado de S\u00e3o Paulo, Ferrovi\u00e1ria, Oeste, Novorizontino e \u00c1gua Santa jogar\u00e3o a Primeira Divis\u00e3o no pr\u00f3ximo ano"},"638514":{"titulo":"S\u00e9rie B: Vit\u00f3ria contrata meia Pereira, destaque do Novorizontino","link":"https:\/\/www.futebolinterior.com.br\/serie-b-vitoria-contrata-meia-pereira-destaque-do-novorizontino\/","chapeu":"NA MIRA...","data":"23\/06\/2015","imagem":"https:\/\/images.futebolinterior.com.br\/2021\/04\/0002050089887_img-247x300.jpg","resumo":"Jogador deve se apresentar nesta quarta-feira, em Salvador"},"638520":{"titulo":"Crici\u00fama 2 x 2 Am\u00e9rica-MG - Pet estreia em casa com empate e Coelho dorme no G4","link":"https:\/\/www.futebolinterior.com.br\/criciuma-2-x-2-america-mg-pet-estreia-em-casa-com-empate-e-coelho-dorme-no-g4\/","chapeu":"BOM OU RUIM?","data":"23\/06\/2015","imagem":0,"resumo":"O Tigre segue na zona intermedi\u00e1ria da tabela de classifica\u00e7\u00e3o, enquanto que o clube mineiro est\u00e1 na cola do Botafogo"},"638543":{"titulo":"S\u00e9rie B: Sass\u00e1 n\u00e3o treina e pode desfalcar o Botafogo contra o Maca\u00e9","link":"https:\/\/www.futebolinterior.com.br\/serie-b-sassa-nao-treina-e-pode-desfalcar-o-botafogo-contra-o-macae\/","chapeu":"PROBLEMA...","data":"23\/06\/2015","imagem":"https:\/\/images.futebolinterior.com.br\/2021\/04\/0002050089875_img-300x200.jpg","resumo":"Carleto, por outro lado, apareceu para treinar no campo"},"638539":{"titulo":"S\u00e9rie B: Com problema no gramado da Vila Capanema, Paran\u00e1 recorre ao Ecoest\u00e1dio","link":"https:\/\/www.futebolinterior.com.br\/serie-b-com-problema-no-gramado-da-vila-capanema-parana-recorre-ao-ecoestadio\/","chapeu":"MUDOU!","data":"23\/06\/2015","imagem":"https:\/\/images.futebolinterior.com.br\/2021\/04\/0002050089860_img-300x200.jpg","resumo":"O Durival Britto foi muito criticado na partida diante do Mogi Mirim e precisa de uma pausa para ser restaurado "},"638563":{"titulo":"S\u00e9rie B: Ap\u00f3s ganhar refor\u00e7o de Rivaldo, Ailton Silva pede aten\u00e7\u00e3o ao Mogi Mirim contra CRB","link":"https:\/\/www.futebolinterior.com.br\/serie-b-apos-ganhar-reforco-de-rivaldo-ailton-silva-pede-atencao-ao-mogi-mirim-contra-crb\/","chapeu":"AGORA VAI?","data":"23\/06\/2015","imagem":"https:\/\/images.futebolinterior.com.br\/2021\/04\/0002050089846_img-300x217.jpg","resumo":"O meia deu um tempo na aposentadoria para ajudar o Sapo a sair da lanterna da competi\u00e7\u00e3o"},"638567":{"titulo":"S\u00e9rie B: Atl\u00e9tico-GO encaminha contrata\u00e7\u00e3o de atacante Weverton do Londrina","link":"https:\/\/www.futebolinterior.com.br\/serie-b-atletico-go-encaminha-contratacao-de-atacante-weverton-do-londrina\/","chapeu":"FALTA POUCO!","data":"23\/06\/2015","imagem":"https:\/\/images.futebolinterior.com.br\/2021\/04\/0002050089844_img-300x188.jpg","resumo":"O jogador assinar\u00e1 com o Drag\u00e3o at\u00e9 o final da temporada"},"638575":{"titulo":"S\u00e9rie B: Bahia apresenta meia Jo\u00e3o Paulo do Rio Branco-ES","link":"https:\/\/www.futebolinterior.com.br\/serie-b-bahia-apresenta-meia-joao-paulo-do-rio-branco-es\/","chapeu":"BOA APOSTA?","data":"23\/06\/2015","imagem":"https:\/\/images.futebolinterior.com.br\/2021\/04\/0002050089834_img-300x196.jpg","resumo":"O jogador n\u00e3o escondeu a felicidade de defender o Tricolor e afirmou que n\u00e3o esperava o convite"}}