{"638318":{"titulo":"S\u00e9rie B: Vit\u00f3ria lamenta gol nos acr\u00e9scimos e d\u00e1 folga ao elenco antes de cl\u00e1ssico","link":"https:\/\/www.futebolinterior.com.br\/serie-b-vitoria-lamenta-gol-nos-acrescimos-e-da-folga-ao-elenco-antes-de-classico\/","chapeu":"PREPARA\u00c7\u00c3O!","data":"24\/06\/2015","imagem":"https:\/\/images.futebolinterior.com.br\/2021\/04\/0002050090038_img-300x200.jpg","resumo":"Time baiano voltar\u00e1 a treinar apenas na pr\u00f3xima segunda-feira"},"638341":{"titulo":"S\u00e9rie B: Marcelo Toscano, artilheiro do Am\u00e9rica-MG, lamenta chances perdidas em empate","link":"https:\/\/www.futebolinterior.com.br\/serie-b-marcelo-toscano-artilheiro-do-america-mg-lamenta-chances-perdidas-em-empate\/","chapeu":"XIIIII","data":"24\/06\/2015","imagem":"https:\/\/images.futebolinterior.com.br\/2021\/04\/0002050090025_img-300x218.jpg","resumo":"Coelho ficou no empate com o Crici\u00fama, por 2 a 2, na \u00faltima ter\u00e7a-feira"},"638352":{"titulo":"S\u00e9rie B: Oeste contrata Rodriguinho, ex-Fluminense, e rescinde com Wagner Carioca","link":"https:\/\/www.futebolinterior.com.br\/serie-b-oeste-contrata-rodriguinho-ex-fluminense-e-rescinde-com-wagner-carioca\/","chapeu":"NOVIDADE...","data":"24\/06\/2015","imagem":"https:\/\/images.futebolinterior.com.br\/2021\/04\/0002050090019_img-300x211.jpg","resumo":"Rubr\u00e3o segue em reformula\u00e7\u00e3o no elenco"},"638361":{"titulo":"S\u00e9rie B: ABC pode perder artilheiro Kayke para futebol asi\u00e1tico","link":"https:\/\/www.futebolinterior.com.br\/serie-b-abc-pode-perder-artilheiro-kayke-para-futebol-asiatico\/","chapeu":"ADEUS?","data":"24\/06\/2015","imagem":"https:\/\/images.futebolinterior.com.br\/2021\/04\/0002050090016_img-300x300.jpg","resumo":"Jogador recebeu proposta de times do Jap\u00e3o e da Ar\u00e1bia"},"638424":{"titulo":"Dado Cavalcanti vibra com \"joga\u00e7o\" e vit\u00f3ria em cima de um \"grande advers\u00e1rio\"","link":"https:\/\/www.futebolinterior.com.br\/dado-cavalcanti-vibra-com-jogaco-e-vitoria-em-cima-de-um-grande-adversario\/","chapeu":"ARRASADOR!","data":"24\/06\/2015","imagem":"https:\/\/images.futebolinterior.com.br\/2021\/04\/0002050089963_img-300x169.jpg","resumo":"Vit\u00f3ria bicolor colocou o clube na vice-lideran\u00e7a da S\u00e9rie B com 19 pontos"},"638439":{"titulo":"S\u00e9rie B: Douglas, ex-Oper\u00e1rio-PR, chega prometendo no gols no Sampaio Corr\u00eaa","link":"https:\/\/www.futebolinterior.com.br\/serie-b-douglas-ex-operario-pr-chega-prometendo-no-gols-no-sampaio-correa\/","chapeu":"CARA NOVA!","data":"24\/06\/2015","imagem":"https:\/\/images.futebolinterior.com.br\/2021\/04\/0002050089956_img-300x225.jpg","resumo":"Contratado no final de semana, o atacante Douglas, campe\u00e3o paranaense com o Oper\u00e1rio-PR, foi apresentado oficialmente pelo Sampaio Corr\u00eaa para a S\u00e9rie B."},"638444":{"titulo":"S\u00e9rie B: Ap\u00f3s Ca\u00f1ete, CRB fecha com atacante Isac, ex-Bahia e Cear\u00e1","link":"https:\/\/www.futebolinterior.com.br\/serie-b-apos-canete-crb-fecha-com-atacante-isac-ex-bahia-e-ceara\/","chapeu":"MAIS UM","data":"24\/06\/2015","imagem":"https:\/\/images.futebolinterior.com.br\/2021\/04\/0002050089952_img-300x235.jpg","resumo":"O atacante Isac, que defendeu o Red Bull Brasil no \u00faltimo Campeonato Paulista, acertou os \u00faltimos detalhes com o Galo da Paju\u00e7ara"},"638449":{"titulo":"S\u00e9rie B: Santa Cruz prepara contrata\u00e7\u00e3o de camisa 9 de peso","link":"https:\/\/www.futebolinterior.com.br\/serie-b-santa-cruz-prepara-contratacao-de-camisa-9-de-peso\/","chapeu":"NA MIRA!","data":"24\/06\/2015","imagem":"https:\/\/images.futebolinterior.com.br\/2021\/04\/0002050089949_img-300x177.jpg","resumo":"Se depender das palavras do t\u00e9cnico Marcelo Martelotte, a torcida do Santa Cruz pode se preparar para a chegada de um camisa 9 de peso para a S\u00e9rie B."},"638454":{"titulo":"S\u00e9rie B: Atl\u00e9tico-GO acerta com Geraldo, ex-Red Bull Brasil e Coritiba; J\u00fanior Vi\u00e7osa, ex-Gr\u00eamio e Goi\u00e1s, est\u00e1 pr\u00f3ximo","link":"https:\/\/www.futebolinterior.com.br\/serie-b-atletico-go-acerta-com-geraldo-ex-red-bull-brasil-e-coritiba-junior-vicosa-ex-gremio-e-goias-esta-proximo\/","chapeu":"PODERIO OFENSIVO","data":"24\/06\/2015","imagem":"https:\/\/images.futebolinterior.com.br\/2021\/04\/0002050089948_img-300x211.jpg","resumo":"Depois de Weverton, do Londrina, acertou a contrata\u00e7\u00e3o do angolano Geraldo, que estava no Red Bull Brasil. E, nos pr\u00f3ximos dias, a diretoria deve confirmar J\u00fanior Vi\u00e7osa"},"639288":{"titulo":"SAPESP critica governo em nota oficial: \"Moralidade? A MP 671 \u00e9 vergonhosa excresc\u00eancia\"","link":"https:\/\/www.futebolinterior.com.br\/sapesp-critica-governo-em-nota-oficial-moralidade-a-mp-671-e-vergonhosa-excrescencia\/","chapeu":"SAFESP CRITICA MP 671","data":"24\/06\/2015","imagem":"https:\/\/images.futebolinterior.com.br\/2021\/04\/0002050089103_img-300x162.jpg","resumo":"Quando a MP 671 come\u00e7ou a ser discutida, j\u00e1 identificamos sua inefic\u00e1cia. Al\u00e9m de inger\u00eancias indevidas dava, de novo, benef\u00edcios aos clubes sem contemplar o passivo trabalhistas"}}