{"638123":{"titulo":"S\u00e9rie B: Oeste tem dois desfalques para enfrentar o Cear\u00e1","link":"https:\/\/www.futebolinterior.com.br\/serie-b-oeste-tem-dois-desfalques-para-enfrentar-o-ceara\/","chapeu":"PROBLEMAS","data":"25\/06\/2015","imagem":"https:\/\/images.futebolinterior.com.br\/2021\/04\/0002050090267_img-300x172.jpg","resumo":" O treinador Roberto Cavalo n\u00e3o poder\u00e1 contar com o meia Renan Mota e o lateral Waguinho para o pr\u00f3ximo desafio do Oeste"},"638136":{"titulo":"S\u00e9rie B: Paulinho, lateral do Luverdense, interessa ao Gr\u00eamio","link":"https:\/\/www.futebolinterior.com.br\/serie-b-paulinho-lateral-do-luverdense-interessa-ao-gremio\/","chapeu":"DE SA\u00cdDA?","data":"25\/06\/2015","imagem":"https:\/\/images.futebolinterior.com.br\/2021\/04\/0002050090261_img-300x200.jpg","resumo":" Um dos destaques do Luverdense desde o ano passado, o lateral-esquerdo Paulinho pode estar de sa\u00edda para atuar no Brasileir\u00e3o"},"638174":{"titulo":"Em vota\u00e7\u00e3o rel\u00e2mpago, comiss\u00e3o do Congresso aprova MP do futebol","link":"https:\/\/www.futebolinterior.com.br\/em-votacao-relampago-comissao-do-congresso-aprova-mp-do-futebol\/","chapeu":"PASSO A FRENTE","data":"25\/06\/2015","imagem":"https:\/\/images.futebolinterior.com.br\/2021\/04\/0002050090218_img-300x169.jpg","resumo":"Apesar de o texto n\u00e3o ser t\u00e3o severo com clubes e entidades, representantes do governo e do Bom Senso FC sa\u00edram satisfeitos com a aprova\u00e7\u00e3o da medida"},"638172":{"titulo":"S\u00e9rie B: Local do jogo entre Paysandu e Atl\u00e9tico-GO muda pela 2\u00aa vez","link":"https:\/\/www.futebolinterior.com.br\/serie-b-local-do-jogo-entre-paysandu-e-atletico-go-muda-pela-2a-vez\/","chapeu":"DEFINITIVO?","data":"25\/06\/2015","imagem":"https:\/\/images.futebolinterior.com.br\/2021\/04\/0002050090210_img-300x189.jpg","resumo":"O duelo entre Paysandu e Atl\u00e9tico-GO, marcado para a pr\u00f3xima ter\u00e7a-feira, \u00e0s 18h30, teve o local alterado pela segunda vez nesta semana"},"638226":{"titulo":"T\u00e9cnico que estava no Brasileir\u00e3o, Wagner Lopes volta a analisar propostas","link":"https:\/\/www.futebolinterior.com.br\/tecnico-que-estava-no-brasileirao-wagner-lopes-volta-a-analisar-propostas\/","chapeu":"ROTATIVIDADE!","data":"25\/06\/2015","imagem":"https:\/\/images.futebolinterior.com.br\/2021\/04\/0002050090180_img-300x200.jpg","resumo":"Wagner Lopes se mostra feliz e animado com as perspectivas do mercado"},"638247":{"titulo":"Entrevista engra\u00e7ada de Marinho, do Cear\u00e1, vira hit em forma de samba. Ou\u00e7a no FI!","link":"https:\/\/www.futebolinterior.com.br\/entrevista-engracada-de-marinho-do-ceara-vira-hit-em-forma-de-samba-ouca-no-fi\/","chapeu":"N\u00c3O PARA N\u00c3O RIR!","data":"24\/06\/2015","imagem":0,"resumo":"A hil\u00e1ria entrevista de Marinho, meia-atacante do Cear\u00e1, foi o principal assunto do \u00faltimo final de semana."},"638296":{"titulo":"S\u00e9rie B: Rivaldo passa nos testes f\u00edsicos e j\u00e1 treina com elenco do Mogi Mirim","link":"https:\/\/www.futebolinterior.com.br\/serie-b-rivaldo-passa-nos-testes-fisicos-e-ja-treina-com-elenco-do-mogi-mirim\/","chapeu":"ELE EST\u00c1 DE VOLTA!","data":"24\/06\/2015","imagem":"https:\/\/images.futebolinterior.com.br\/2021\/04\/0002050090061_img-300x200.jpg","resumo":"O meia est\u00e1 analisando a situa\u00e7\u00e3o do seu joelho para confirmar a data de estreia"},"638306":{"titulo":"S\u00e9rie B: Ren\u00e9 faz testes no Botafogo, mas perde Sass\u00e1 contra o Maca\u00e9 e ter\u00e1 que quebrar a cabe\u00e7a","link":"https:\/\/www.futebolinterior.com.br\/serie-b-rene-faz-testes-no-botafogo-mas-perde-sassa-contra-o-macae-e-tera-que-quebrar-a-cabeca\/","chapeu":"PROBLEMINHA","data":"24\/06\/2015","imagem":"https:\/\/images.futebolinterior.com.br\/2021\/04\/0002050090056_img-300x148.jpg","resumo":"O t\u00e9cnico Ren\u00e9 Sim\u00f5es parece ainda n\u00e3o ter definido o time do Botafogo que encara o Maca\u00e9, s\u00e1bado, pela nona rodada da S\u00e9rie B."},"638298":{"titulo":"S\u00e9rie C: Por conta da chuva, jogo-treino entre Madureira e Volta Redonda \u00e9 cancelado","link":"https:\/\/www.futebolinterior.com.br\/serie-c-por-conta-da-chuva-jogo-treino-entre-madureira-e-volta-redonda-e-cancelado\/","chapeu":"N\u00c3O ROLOU!","data":"24\/06\/2015","imagem":"https:\/\/images.futebolinterior.com.br\/2021\/04\/0002050090057_img-300x225.jpg","resumo":"O jogo foi transferido para a pr\u00f3xima ter\u00e7a, pois tamb\u00e9m servir\u00e1 de prepara\u00e7\u00e3o para o Volta\u00e7o na S\u00e9rie D"},"638312":{"titulo":"Rio Preto acende rivalidade e faz par\u00f3dia de Leil\u00e3o do Am\u00e9rica-SP","link":"https:\/\/www.futebolinterior.com.br\/rio-preto-acende-rivalidade-e-faz-parodia-de-leilao-do-america-sp\/","chapeu":"EU VOU FAZER UM LEIL\u00c3O","data":"24\/06\/2015","imagem":0,"resumo":"H\u00e1 quem acredite que a rivalidade entre clubes \u00e9 o que mant\u00e9m o futebol vivo at\u00e9 hoje"}}