{"638078":{"titulo":"S\u00c9RIE B: Cear\u00e1 tem mais uma chance de sair da zona de rebaixamento em dia de dois jogos","link":"https:\/\/www.futebolinterior.com.br\/serie-b-ceara-tem-mais-uma-chance-de-sair-da-zona-de-rebaixamento-em-dia-de-dois-jogos\/","chapeu":"AGORA VAI?","data":"25\/06\/2015","imagem":"https:\/\/images.futebolinterior.com.br\/2021\/04\/0002050090294_img-300x177.jpg","resumo":"Depois de entrar no Campeonato Brasileiro da S\u00e9rie B com o t\u00edtulo da Copa do Nordeste, o Cear\u00e1 era apontado como um dos favoritos ao acesso"},"638048":{"titulo":"S\u00e9rie B: Ren\u00e9 repete Botafogo com Andreazzi, Fernandes e Diego Jardel entre titulares","link":"https:\/\/www.futebolinterior.com.br\/serie-b-rene-repete-botafogo-com-andreazzi-fernandes-e-diego-jardel-entre-titulares\/","chapeu":"NADA MUDA","data":"25\/06\/2015","imagem":"https:\/\/images.futebolinterior.com.br\/2021\/04\/0002050090326_img-300x148.jpg","resumo":" O t\u00e9cnico Ren\u00e9 Sim\u00f5es parece ter definido o time do Botafogo que encara o Maca\u00e9, neste s\u00e1bado, fora de casa, pela nona rodada da S\u00e9rie B"},"638092":{"titulo":"Sele\u00e7\u00e3o Brasileira joga seu futuro contra o Paraguai pela Copa Am\u00e9rica","link":"https:\/\/www.futebolinterior.com.br\/selecao-brasileira-joga-seu-futuro-contra-o-paraguai-pela-copa-america\/","chapeu":"OPINI\u00c3O","data":"25\/06\/2015","imagem":"https:\/\/images.futebolinterior.com.br\/2021\/04\/0002050090287_img-300x248.jpg","resumo":" Neste s\u00e1bado, a partir das 18h30, a Sele\u00e7\u00e3o Brasileira de Futebol enfrenta a Sele\u00e7\u00e3o do Paraguai, pelas quartas de final da Copa Am\u00e9rica 2015. Quem vencer continua atr\u00e1s do t\u00edtulo"},"638065":{"titulo":"S\u00e9rie B: Grafite, ex-atacante de S\u00e3o Paulo e Sele\u00e7\u00e3o Brasileira, pode fechar com o Santa Cruz","link":"https:\/\/www.futebolinterior.com.br\/serie-b-grafite-ex-atacante-de-sao-paulo-e-selecao-brasileira-pode-fechar-com-o-santa-cruz\/","chapeu":"REFOR\u00c7O DE PESO","data":"25\/06\/2015","imagem":"https:\/\/images.futebolinterior.com.br\/2021\/04\/0002050090302_img-300x225.jpg","resumo":" Conhecido pelas grandes passagens com camisas de Goi\u00e1s, S\u00e3o Paulo e Wolfsburg, da Alemanha, o atacante Grafite pode atuar na S\u00e9rie B do Campeonato Brasileiro."},"638106":{"titulo":"S\u00e9rie B: Elvis relembra gol decisivo contra o Maca\u00e9 e diz entender rod\u00edzio no Botafogo","link":"https:\/\/www.futebolinterior.com.br\/serie-b-elvis-relembra-gol-decisivo-contra-o-macae-e-diz-entender-rodizio-no-botafogo\/","chapeu":"INESQUEC\u00cdVEL","data":"25\/06\/2015","imagem":"https:\/\/images.futebolinterior.com.br\/2021\/04\/0002050090297_img-300x215.jpg","resumo":" O meia Elvis vive sensa\u00e7\u00f5es diferentes \u00e0s v\u00e9speras do duelo com o Maca\u00e9, no pr\u00f3ximo s\u00e1bado, fora de casa, pela nona rodada da S\u00e9rie B "},"638082":{"titulo":"S\u00e9rie B: Welinton J\u00fanior deixa o Joinville e acerta com o Paysandu","link":"https:\/\/www.futebolinterior.com.br\/serie-b-welinton-junior-deixa-o-joinville-e-acerta-com-o-paysandu\/","chapeu":"NOVA CASA","data":"25\/06\/2015","imagem":"https:\/\/images.futebolinterior.com.br\/2021\/04\/0002050090292_img-300x225.jpg","resumo":"Welinton J\u00fanior foi revelado na base do Gr\u00eamio e ainda defendeu o Sub-20 do Coritiba antes de chegar ao Goi\u00e1s, onde teve as primeiras chances no time profissional"},"638331":{"titulo":"S\u00e9rie B: Cear\u00e1 inscreve Victor Luis e deve ter Fabinho na vaga de \"falastr\u00e3o\"","link":"https:\/\/www.futebolinterior.com.br\/serie-b-ceara-inscreve-victor-luis-e-deve-ter-fabinho-na-vaga-de-falastrao\/","chapeu":"MUDAN\u00c7AS...","data":"25\/06\/2015","imagem":"https:\/\/images.futebolinterior.com.br\/2021\/04\/0002050090033_img-300x206.jpg","resumo":"Silas ter\u00e1 que fazer mudan\u00e7as para encarar o Oeste, nesta sexta-feira"},"638100":{"titulo":"S\u00e9rie B: Lideran\u00e7a na defesa do Atl\u00e9tico-GO pode voltar com recupera\u00e7\u00e3o de Lino","link":"https:\/\/www.futebolinterior.com.br\/serie-b-lideranca-na-defesa-do-atletico-go-pode-voltar-com-recuperacao-de-lino\/","chapeu":"BOA NOT\u00cdCIA","data":"25\/06\/2015","imagem":"https:\/\/images.futebolinterior.com.br\/2021\/04\/0002050090284_img-300x146.jpg","resumo":"Com exce\u00e7\u00e3o do goleiro M\u00e1rcio, nenhum outro jogador do atual elenco do Atl\u00e9tico-GO tem tanta identifica\u00e7\u00e3o com o clube quanto o zagueiro Lino."},"638108":{"titulo":"S\u00e9rie B: Nedo Xavier mexe no Paran\u00e1 em busca de arrancada","link":"https:\/\/www.futebolinterior.com.br\/serie-b-nedo-xavier-mexe-no-parana-em-busca-de-arrancada\/","chapeu":"PRA CIMA","data":"25\/06\/2015","imagem":"https:\/\/images.futebolinterior.com.br\/2021\/04\/0002050090280_img-300x200.jpg","resumo":"Conseguindo manter o Paran\u00e1 fora da zona de rebaixamento apesar de todos os problemas financeiros, o t\u00e9cnico Nedo Xavier vai ganhando a confian\u00e7a do torcedor e cada vez deixando o "},"638114":{"titulo":"Xerif\u00e3o, Lino est\u00e1 pronto para voltar a defender o Atl\u00e9tico-GO","link":"https:\/\/www.futebolinterior.com.br\/xerifao-lino-esta-pronto-para-voltar-a-defender-o-atletico-go\/","chapeu":"BOA SORTE!","data":"25\/06\/2015","imagem":"https:\/\/images.futebolinterior.com.br\/2021\/04\/0002050090276_img.jpg","resumo":"Atl\u00e9tico-GO se prepara para encarar o Paran\u00e1 nesta sexta-feira, \u00e0s 21 horas, no Est\u00e1dio Serra Dourada, em Goi\u00e2nia, pela nona rodada da S\u00e9rie B"}}