{"637971":{"titulo":"S\u00e9rie B: ABC rejeita contrata\u00e7\u00e3o de Juanmi Callejon, do Bolivar","link":"https:\/\/www.futebolinterior.com.br\/serie-b-abc-rejeita-contratacao-de-juanmi-callejon-do-bolivar\/","chapeu":"N\u00c3O VAI ROLAR!","data":"25\/06\/2015","imagem":"https:\/\/images.futebolinterior.com.br\/2021\/04\/0002050090394_img-300x168.jpg","resumo":"A diretoria do Elefante analisou o jogador, mas n\u00e3o fechou neg\u00f3cio por n\u00e3o caber no or\u00e7amento do clube"},"637980":{"titulo":"S\u00e9rie B: Venda de Firmino ao Liverpool levantar\u00e1 novo CT do CRB","link":"https:\/\/www.futebolinterior.com.br\/serie-b-venda-de-firmino-ao-liverpool-levantara-novo-ct-do-crb\/","chapeu":"ENTENDA!","data":"25\/06\/2015","imagem":"https:\/\/images.futebolinterior.com.br\/2021\/04\/0002050090391_img-300x168.jpg","resumo":"O clube alagoano deve desembolsar cerca de R$ 1,75 milh\u00f5es com o jogador da Sele\u00e7\u00e3o Brasileira"},"637993":{"titulo":"Rodrigo Villalba, do Futebol Interior, novamente tem trabalho reconhecido pelo \"Melhor do Fotojornalismo Brasileiro\"","link":"https:\/\/www.futebolinterior.com.br\/rodrigo-villalba-do-futebol-interior-novamente-tem-trabalho-reconhecido-pelo-melhor-do-fotojornalismo-brasileiro\/","chapeu":"PREMIO MERECIDO","data":"25\/06\/2015","imagem":"https:\/\/images.futebolinterior.com.br\/2021\/04\/0002050090354_img-300x148.jpg","resumo":"Uma de suas fotos foi publicada na \u00faltima edi\u00e7\u00e3o da Editora Europa, que re\u00fane a nata do fotojornalismo nacional."},"637999":{"titulo":"S\u00e9rie B: Bragantino ganha dois refor\u00e7os para enfrentar o Boa Esporte","link":"https:\/\/www.futebolinterior.com.br\/serie-b-bragantino-ganha-dois-reforcos-para-enfrentar-o-boa-esporte\/","chapeu":"De VOLTA","data":"25\/06\/2015","imagem":"https:\/\/images.futebolinterior.com.br\/2021\/04\/0002050090349_img-300x141.jpg","resumo":" O volante Bruno Costa \u00e9 mais um jogador que volta a ficar \u00e0 disposi\u00e7\u00e3o do t\u00e9cnico Osmar Loss para o jogo contra o Boa Esporte"},"638003":{"titulo":"S\u00e9rie B: Artilheiro do Bahia no ano, Kieza est\u00e1 preocupado com seca de gols","link":"https:\/\/www.futebolinterior.com.br\/serie-b-artilheiro-do-bahia-no-ano-kieza-esta-preocupado-com-seca-de-gols\/","chapeu":"COMO ASSIM?","data":"25\/06\/2015","imagem":"https:\/\/images.futebolinterior.com.br\/2021\/04\/0002050090348_img-300x225.jpg","resumo":"Kieza\r\nartilheiro"},"638007":{"titulo":"S\u00e9rie B: Rivaldo marca em treino e titulares do Mogi vencem os reservas","link":"https:\/\/www.futebolinterior.com.br\/serie-b-rivaldo-marca-em-treino-e-titulares-do-mogi-vencem-os-reservas\/","chapeu":"QUEM SABE...","data":"25\/06\/2015","imagem":"https:\/\/images.futebolinterior.com.br\/2021\/04\/0002050090344_img-300x209.jpg","resumo":"O pentacampe\u00e3o entrou durante a atividade e mostrou que est\u00e1 preparado para ajudar o Sap\u00e3o na busca para fugir do rebaixamento"},"638014":{"titulo":"Atl\u00e9tico-GO x Paran\u00e1 - Tricolor tenta engatar a terceira para encostar no pelot\u00e3o da frente","link":"https:\/\/www.futebolinterior.com.br\/atletico-go-x-parana-tricolor-tenta-engatar-a-terceira-para-encostar-no-pelotao-da-frente\/","chapeu":"VAI PRA CIMA!","data":"25\/06\/2015","imagem":"https:\/\/images.futebolinterior.com.br\/2021\/04\/0002050090341_img-300x226.png","resumo":"O Drag\u00e3o, por sua vez, busca a reabilita\u00e7\u00e3o para n\u00e3o terminar a rodada na zona de rebaixamento"},"638017":{"titulo":"Oeste x Cear\u00e1 \u2013 Duelo direto...contra a degola","link":"https:\/\/www.futebolinterior.com.br\/oeste-x-ceara-duelo-direto-contra-a-degola\/","chapeu":"QUEM DIRIA!","data":"25\/06\/2015","imagem":"https:\/\/images.futebolinterior.com.br\/2021\/04\/0002050090339_img-273x300.jpg","resumo":" Quem diria que o Cear\u00e1 lutaria contra o rebaixamento no Campeonato Brasileiro da S\u00e9rie B. Atual campe\u00e3o da Copa do Nordeste, o time ainda n\u00e3o engrenou e precisa de uma vit\u00f3ria"},"638021":{"titulo":"S\u00e9rie B: Maca\u00e9 contrata Alan, melhor volante do futebol capixaba","link":"https:\/\/www.futebolinterior.com.br\/serie-b-macae-contrata-alan-melhor-volante-do-futebol-capixaba\/","chapeu":"REFOR\u00c7O","data":"25\/06\/2015","imagem":"https:\/\/images.futebolinterior.com.br\/2021\/04\/0002050090335_img-201x300.jpg","resumo":"Ap\u00f3s a rescis\u00e3o contratual com o volante Tiago Pedra, por pedido do pr\u00f3prio jogador, a dire\u00e7\u00e3o do Maca\u00e9 agiu r\u00e1pido e j\u00e1 trouxe um substituto."},"638025":{"titulo":"S\u00e9rie B: Sampaio Corr\u00eaa est\u00e1 definido para enfrentar o Santa Cruz com quatro baixas","link":"https:\/\/www.futebolinterior.com.br\/serie-b-sampaio-correa-esta-definido-para-enfrentar-o-santa-cruz-com-quatro-baixas\/","chapeu":"O TIME","data":"25\/06\/2015","imagem":"https:\/\/images.futebolinterior.com.br\/2021\/04\/0002050090333_img-300x225.jpg","resumo":" Sob um sol escaldante, o Sampaio Corr\u00eaa pegou pesado no batente, em treino realizado na manh\u00e3 desta quinta-feira, no est\u00e1dio Castel\u00e3o."}}