{"637898":{"titulo":"S\u00e9rie B: A\u00edlton Silva relaciona Rivaldo para partida contra o CRB","link":"https:\/\/www.futebolinterior.com.br\/serie-b-ailton-silva-relaciona-rivaldo-para-partida-contra-o-crb\/","chapeu":"CHEGOU O MOMENTO?","data":"26\/06\/2015","imagem":"https:\/\/images.futebolinterior.com.br\/2021\/04\/0002050090437_img-300x169.jpg","resumo":"O pentacampe\u00e3o mundial com a Sele\u00e7\u00e3o Brasileira ficar\u00e1 no banco de reservas, mas dificilmente far\u00e1 sua reestreia"},"637906":{"titulo":"S\u00e9rie B: N\u00e1utico pode ter at\u00e9 cinco refor\u00e7os contra o ABC","link":"https:\/\/www.futebolinterior.com.br\/serie-b-nautico-pode-ter-ate-cinco-reforcos-contra-o-abc\/","chapeu":"REFOR\u00c7ADO!","data":"26\/06\/2015","imagem":"https:\/\/images.futebolinterior.com.br\/2021\/04\/0002050090428_img-300x257.jpg","resumo":"Willian Magr\u00e3o, Patrick Vieira, Marino e Douglas voltam ao time t\u00edtulo, j\u00e1 Ronaldo Alves ainda \u00e9 uma inc\u00f3gnita"},"637911":{"titulo":"S\u00e9rie B: Na espoera por um 9, Santa Cruz ter\u00e1 estreante na partida contra o Sampaio Corr\u00eaa","link":"https:\/\/www.futebolinterior.com.br\/serie-b-na-espoera-por-um-9-santa-cruz-tera-estreante-na-partida-contra-o-sampaio-correa\/","chapeu":"NOVIDADES!","data":"26\/06\/2015","imagem":"https:\/\/images.futebolinterior.com.br\/2021\/04\/0002050090423_img-300x137.jpg","resumo":"Lel\u00ea far\u00e1 sua primeira partida com a camisa coral, que procura um artilheiro para a sequ\u00eancia da temporada e Grafite \u00e9 cotado"},"637915":{"titulo":"S\u00e9rie B: Sampaio vai \u00e0 Recife com novidades entre os relacionados","link":"https:\/\/www.futebolinterior.com.br\/serie-b-sampaio-vai-a-recife-com-novidades-entre-os-relacionados\/","chapeu":"QUEM?","data":"26\/06\/2015","imagem":"https:\/\/images.futebolinterior.com.br\/2021\/04\/0002050090420_img-300x225.jpg","resumo":"O volante L\u00e9o Salino e o atacante Vanger, al\u00e9m de Douglas e N\u00e1dson s\u00e3o as principais surpresas da lista"},"637919":{"titulo":"S\u00e9rie B: Luverdense deve divulgar lista de dispensas na pr\u00f3xima semana","link":"https:\/\/www.futebolinterior.com.br\/serie-b-luverdense-deve-divulgar-lista-de-dispensas-na-proxima-semana\/","chapeu":"FALA PRESIDA!","data":"26\/06\/2015","imagem":"https:\/\/images.futebolinterior.com.br\/2021\/04\/0002050090419_img-300x234.jpg","resumo":"Para partida contra o Bahia, o t\u00e9cnico J\u00fanior Rocha poder\u00e1 contar com o refor\u00e7o de Muralha"},"637931":{"titulo":"S\u00e9rie B: Sem Gedeil e Alo\u00edso, Maca\u00e9 ter\u00e1 mesmo time da derrota para CRB","link":"https:\/\/www.futebolinterior.com.br\/serie-b-sem-gedeil-e-aloiso-macae-tera-mesmo-time-da-derrota-para-crb\/","chapeu":"MONTADO!","data":"26\/06\/2015","imagem":"https:\/\/images.futebolinterior.com.br\/2021\/04\/0002050090416_img-300x169.jpg","resumo":"A dupla est\u00e1 entregue ao departamento m\u00e9dico e n\u00e3o tem previs\u00e3o de retorno aos gramados"},"637935":{"titulo":"S\u00e9rie B: Boa Esporte e Bragantino tem reencontro de atacante dispensado","link":"https:\/\/www.futebolinterior.com.br\/serie-b-boa-esporte-e-bragantino-tem-reencontro-de-atacante-dispensado\/","chapeu":"CHEGOU A HORA!","data":"26\/06\/2015","imagem":"https:\/\/images.futebolinterior.com.br\/2021\/04\/0002050090415_img-300x225.jpg","resumo":"Erick Luis saiu do Massa Bruta ap\u00f3s desperdi\u00e7ar uma penalidade m\u00e1xima e tem a chance da revanche nesse s\u00e1bado"},"637948":{"titulo":"S\u00e9rie B: Sem Ca\u00f1ete, CRB ter\u00e1 novidades diante do Mogi Mirim","link":"https:\/\/www.futebolinterior.com.br\/serie-b-sem-canete-crb-tera-novidades-diante-do-mogi-mirim\/","chapeu":"COM CALMA!","data":"26\/06\/2015","imagem":"https:\/\/images.futebolinterior.com.br\/2021\/04\/0002050090403_img-300x225.jpg","resumo":"O ex-jogador do S\u00e3o Paulo est\u00e1 passando por um trabalho f\u00edsica antes de fazer sua estreia"},"637950":{"titulo":"S\u00e9rie B: ABC aguarda Ronado Mendes para confirmar time titular contra N\u00e1utico","link":"https:\/\/www.futebolinterior.com.br\/serie-b-abc-aguarda-ronado-mendes-para-confirmar-time-titular-contra-nautico\/","chapeu":"VAI QUE VAI!","data":"26\/06\/2015","imagem":"https:\/\/images.futebolinterior.com.br\/2021\/04\/0002050090402_img-300x225.jpg","resumo":"O jogador est\u00e1 em tratamento intensivo ap\u00f3s sofrer uma pancada no joelho direito"},"637975":{"titulo":"Apito sujo: quem n\u00e3o tiver pecado, atire a primeira pedra","link":"https:\/\/www.futebolinterior.com.br\/apito-sujo-quem-nao-tiver-pecado-atire-a-primeira-pedra\/","chapeu":"OPINI\u00c3O","data":"25\/06\/2015","imagem":"https:\/\/images.futebolinterior.com.br\/2021\/04\/0002050090396_img-300x177.jpg","resumo":" A corrup\u00e7\u00e3o \u00e9 uma velha senhora que n\u00e3o desiste nunca. E em todos os setores. Depois dos ladr\u00f5es da FIFA, agora o esc\u00e2ndalo \u2013 Carlos Amarilla. Alguma novidade? N\u00e3o."}}