{"636357":{"titulo":"Ex-jogador do Guarani, Thiago Cristian busca oportunidade na S\u00e9rie B do Brasileiro","link":"https:\/\/www.futebolinterior.com.br\/ex-jogador-do-guarani-thiago-cristian-busca-oportunidade-na-serie-b-do-brasileiro\/","chapeu":"ATR\u00c1S...","data":"02\/07\/2015","imagem":"https:\/\/images.futebolinterior.com.br\/2021\/04\/0002050092268_img.jpg","resumo":"Mesmo estando sem clube, Thiago Cristian tem treinado por conta pr\u00f3pria"},"636460":{"titulo":"O estilo de jogar de cada time e de cada Sele\u00e7\u00e3o","link":"https:\/\/www.futebolinterior.com.br\/o-estilo-de-jogar-de-cada-time-e-de-cada-selecao\/","chapeu":"OPINI\u00c3O","data":"01\/07\/2015","imagem":"https:\/\/images.futebolinterior.com.br\/2021\/04\/0002050092066_img-300x113.jpg","resumo":"E o estilo das sele\u00e7\u00f5es? Nossas vizinhas Argentina, Uruguai e Paraguai usaram muito e agora menos, a catimba, a press\u00e3o na bola e o jogo violento."},"636474":{"titulo":"S\u00e9rie B: Rafael Oliveira deve estrear entre os titulares do Botafogo contra Sampaio Corr\u00eaa","link":"https:\/\/www.futebolinterior.com.br\/serie-b-rafael-oliveira-deve-estrear-entre-os-titulares-do-botafogo-contra-sampaio-correa\/","chapeu":"AGORA \u00c9 S\u00d3 ELE","data":"01\/07\/2015","imagem":"https:\/\/images.futebolinterior.com.br\/2021\/04\/0002050092025_img-231x300.jpg","resumo":"Antes mesmo de ser anunciado oficialmente, o atacante Rafael Oliveira j\u00e1 \u00e9 considerado a esperan\u00e7a do gols do Botafogo para o duelo contra o Sampaio Corr\u00eaa"},"636499":{"titulo":"S\u00e9rie B: Com direito a helic\u00f3ptero e Arruda lotado, ex-Sele\u00e7\u00e3o \u00e9 apresentado no Santa Cruz","link":"https:\/\/www.futebolinterior.com.br\/serie-b-com-direito-a-helicoptero-e-arruda-lotado-ex-selecao-e-apresentado-no-santa-cruz\/","chapeu":"CHEGOU","data":"01\/07\/2015","imagem":0,"resumo":"Jogador volta a vestir a camisa coral depois de mais de dez anos"},"636505":{"titulo":"Em crise, Futebol Pernambucano agoniza ap\u00f3s fim do programa \u2018Todos Com a Nota\u2019","link":"https:\/\/www.futebolinterior.com.br\/em-crise-futebol-pernambucano-agoniza-apos-fim-do-programa-todos-com-a-nota\/","chapeu":"DESIST\u00caNCIAS NA S\u00c9RIE C\/D","data":"01\/07\/2015","imagem":"https:\/\/images.futebolinterior.com.br\/2021\/04\/0002050091991_img-300x169.jpg","resumo":"Salgueiro e Serra Talhada podem fechar as portas, desistindo assim do torneio nacional"},"636515":{"titulo":"S\u00e9rie B: Cear\u00e1 acaba com o mist\u00e9rio e anuncia Geninho como novo t\u00e9cnico","link":"https:\/\/www.futebolinterior.com.br\/serie-b-ceara-acaba-com-o-misterio-e-anuncia-geninho-como-novo-tecnico\/","chapeu":"\u00c9 ELE!","data":"01\/07\/2015","imagem":"https:\/\/images.futebolinterior.com.br\/2021\/04\/0002050091979_img-300x200.jpg","resumo":"O mist\u00e9rio acabou. Depois de in\u00fameras especula\u00e7\u00f5es e sondagens, a diretoria do Cear\u00e1 anunciou, no final da tarde desta quarta-feira, que o experiente Geninho ser\u00e1 o novo t\u00e9cnico"},"636526":{"titulo":"S\u00e9rie B: Rafael Martins luxa o bra\u00e7o e desfalca o Oeste por 15 dias","link":"https:\/\/www.futebolinterior.com.br\/serie-b-rafael-martins-luxa-o-braco-e-desfalca-o-oeste-por-15-dias\/","chapeu":"DESFALQUE!","data":"01\/07\/2015","imagem":"https:\/\/images.futebolinterior.com.br\/2021\/04\/0002050091974_img-300x255.jpg","resumo":"O jogador sofreu a les\u00e3o na vit\u00f3ria, por 2 a 0, diante do Cear\u00e1"},"636535":{"titulo":"S\u00e9rie B: Atl\u00e9tico-GO dispensa dois jogadores e um volta ao Flamengo","link":"https:\/\/www.futebolinterior.com.br\/serie-b-atletico-go-dispensa-dois-jogadores-e-um-volta-ao-flamengo\/","chapeu":"SA\u00cdRAM!","data":"01\/07\/2015","imagem":"https:\/\/images.futebolinterior.com.br\/2021\/04\/0002050091973_img-300x169.jpg","resumo":"Rafinha e Zezinho n\u00e3o fazem mais parte dos planos do Drag\u00e3o na temporada 2015"},"636562":{"titulo":"Cruzeiro sonda a contrata\u00e7\u00e3o do volante Marino do N\u00e1utico","link":"https:\/\/www.futebolinterior.com.br\/cruzeiro-sonda-a-contratacao-do-volante-marino-do-nautico\/","chapeu":"VEM PRA G\u00c1VEA?","data":"01\/07\/2015","imagem":"https:\/\/images.futebolinterior.com.br\/2021\/04\/0002050091956_img-300x200.jpg","resumo":"A diretoria do Timbu n\u00e3o est\u00e1 disposta a liberar alguma pe\u00e7a antes do fim da S\u00e9rie B"},"636570":{"titulo":"S\u00e9rie B: Paran\u00e1 tenta reverter puni\u00e7\u00e3o de Fernando Viana em julgamento nessa quinta","link":"https:\/\/www.futebolinterior.com.br\/serie-b-parana-tenta-reverter-punicao-de-fernando-viana-em-julgamento-nessa-quinta\/","chapeu":"TENTANDO...","data":"01\/07\/2015","imagem":"https:\/\/images.futebolinterior.com.br\/2021\/04\/0002050091947_img-300x150.jpg","resumo":"O jogador tomou quatro jogos de gancho por causa da expuls\u00e3o na partida contra o Boa Esporte"}}