{"636243":{"titulo":"S\u00e9rie B: De contrato assinado, M\u00e1rcio Diogo deve estrear pelo Boa Esporte contra o CRB","link":"https:\/\/www.futebolinterior.com.br\/serie-b-de-contrato-assinado-marcio-diogo-deve-estrear-pelo-boa-esporte-contra-o-crb\/","chapeu":"PREPARADO","data":"02\/07\/2015","imagem":"https:\/\/images.futebolinterior.com.br\/2021\/04\/0002050092401_img-300x225.jpg","resumo":"Na manh\u00e3 desta quinta-feira, o meia-atacante M\u00e1rcio Diogo, passou por exames m\u00e9dicos e assinou contrato com o Boa Esporte at\u00e9 o final da temporada."},"636245":{"titulo":"S\u00e9rie B: STJD mant\u00e9m puni\u00e7\u00e3o e ABC enfrentar\u00e1 Paran\u00e1 com os port\u00f5es fechados","link":"https:\/\/www.futebolinterior.com.br\/serie-b-stjd-mantem-punicao-e-abc-enfrentara-parana-com-os-portoes-fechados\/","chapeu":"PUNIDO","data":"02\/07\/2015","imagem":"https:\/\/images.futebolinterior.com.br\/2021\/04\/0002050092400_img-300x225.jpg","resumo":"Por mais que os advogados do ABC tenham feito um enorme esfor\u00e7o, o clube potiguar ter\u00e1 mesmo que enfrentar o Paran\u00e1, na 13\u00aa rodada do Campeonato Brasileiro da S\u00e9rie B "},"636249":{"titulo":"S\u00e9rie B: Novo t\u00e9cnico, Geninho chega ao Cear\u00e1 falando em acesso: \u2018por que n\u00e3o?\u2019","link":"https:\/\/www.futebolinterior.com.br\/serie-b-novo-tecnico-geninho-chega-ao-ceara-falando-em-acesso-por-que-nao\/","chapeu":"AUDACIOSO","data":"02\/07\/2015","imagem":"https:\/\/images.futebolinterior.com.br\/2021\/04\/0002050092398_img.jpg","resumo":"Anunciado na quarta-feira como o novo t\u00e9cnico do Cear\u00e1 na sequ\u00eancia do Campeonato Brasileiro da S\u00e9rie B, Geninho desembarcou em Fortaleza "},"636253":{"titulo":"S\u00e9rie B: T\u00e9cnico do Vit\u00f3ria Vagner Mancini comemora retorno de Robert aos gramados","link":"https:\/\/www.futebolinterior.com.br\/serie-b-tecnico-do-vitoria-vagner-mancini-comemora-retorno-de-robert-aos-gramados\/","chapeu":"VAI PRO JOGO","data":"02\/07\/2015","imagem":"https:\/\/images.futebolinterior.com.br\/2021\/04\/0002050092394_img-300x199.jpg","resumo":"Visando o cl\u00e1ssico contra o Bahia, o t\u00e9cnico Vagner Mancini comandou na manh\u00e3 desta quinta-feira, no Barrad\u00e3o, mais uma atividade no Vit\u00f3ria. "},"636269":{"titulo":"S\u00e9rie B: Crici\u00fama aprimora bolas paradas para enfrentar o Paran\u00e1","link":"https:\/\/www.futebolinterior.com.br\/serie-b-criciuma-aprimora-bolas-paradas-para-enfrentar-o-parana\/","chapeu":"COISAS DE PET","data":"02\/07\/2015","imagem":"https:\/\/images.futebolinterior.com.br\/2021\/04\/0002050092370_img-300x200.jpg","resumo":"Preocupado com os diversos gols levados de bolas paradas no Campeonato Brasileiro da S\u00e9rie B, o t\u00e9cnico do Crici\u00fama, Dejan Petkovic, focou todos os principais trabalhos da semana p"},"636278":{"titulo":"S\u00e9rie B: Nedo Xavier aposta em novo atacante e mant\u00e9m jovem na defesa do Paran\u00e1","link":"https:\/\/www.futebolinterior.com.br\/serie-b-nedo-xavier-aposta-em-novo-atacante-e-mantem-jovem-na-defesa-do-parana\/","chapeu":"APOSTAS","data":"02\/07\/2015","imagem":"https:\/\/images.futebolinterior.com.br\/2021\/04\/0002050092355_img-300x200.jpg","resumo":"Fazendo uma campanha regular no Campeonato Brasileiro da S\u00e9rie B, o Paran\u00e1 vai conseguindo se manter fora da zona de rebaixamento. "},"636305":{"titulo":"S\u00e9rie B; Nova aposta de gols do Sampaio Corr\u00eaa, Douglas ser\u00e1 titular contra o Botafogo","link":"https:\/\/www.futebolinterior.com.br\/serie-b-nova-aposta-de-gols-do-sampaio-correa-douglas-sera-titular-contra-o-botafogo\/","chapeu":"CHEGOU A OPORTUNIDADE","data":"02\/07\/2015","imagem":"https:\/\/images.futebolinterior.com.br\/2021\/04\/0002050092331_img-300x225.jpg","resumo":"Douglas estreou com a camisa do Sampaio Corr\u00eaa no segundo tempo do jogo contra o Santa Cruz, na rodada passada."},"636315":{"titulo":"\u00c1vine titular, Marcone matador e Caveir\u00e3o de refer\u00eancia. Como foi a \u00faltima vez que o Bahia venceu o Vit\u00f3ria no Barrad\u00e3o","link":"https:\/\/www.futebolinterior.com.br\/avine-titular-marcone-matador-e-caveirao-de-referencia-como-foi-a-ultima-vez-que-o-bahia-venceu-o-vitoria-no-barradao\/","chapeu":"ESPECIAL!","data":"02\/07\/2015","imagem":"https:\/\/images.futebolinterior.com.br\/2021\/04\/0002050092310_img-300x200.jpg","resumo":" O t\u00e3o esperado Ba-Vi no campeonato Brasileiro da S\u00e9rie B finalmente acontecer\u00e1 neste s\u00e1bado, \u00e0s 16h30, quando o Vit\u00f3ria recebe o Bahia, no Barrad\u00e3o"},"636335":{"titulo":"S\u00e9rie B: Ex-atacante de Corinthians e Ituano, Marcelinho j\u00e1 pode estrear pelo Oeste","link":"https:\/\/www.futebolinterior.com.br\/serie-b-ex-atacante-de-corinthians-e-ituano-marcelinho-ja-pode-estrear-pelo-oeste\/","chapeu":"A\u00cd SIM","data":"02\/07\/2015","imagem":"https:\/\/images.futebolinterior.com.br\/2021\/04\/0002050092303_img-300x191.jpg","resumo":"O atacante Marcelinho teve seu nome divulgado no Boletim Informativo Di\u00e1rio (BID) da CBF (Confedera\u00e7\u00e3o Brasileira de Futebol) essa semana e est\u00e1 apto a jogar pelo Oeste"},"636337":{"titulo":"S\u00e9rie B: ABC confia em precis\u00e3o de jogadas para conseguir primeira vit\u00f3ria em casa","link":"https:\/\/www.futebolinterior.com.br\/serie-b-abc-confia-em-precisao-de-jogadas-para-conseguir-primeira-vitoria-em-casa\/","chapeu":"\u00c9 O JEITO","data":"02\/07\/2015","imagem":"https:\/\/images.futebolinterior.com.br\/2021\/04\/0002050092300_img-300x198.jpg","resumo":"Ainda sem saber o que \u00e9 vencer diante de sua torcida, o ABC volta ao Frasqueir\u00e3o neste s\u00e1bado, \u00e0s 16h30, desta vez para enfrentar o Maca\u00e9"}}