{"636597":{"titulo":"S\u00e9rie B: Sampaio quita vencimentos do m\u00eas de abril e dispensa tr\u00eas jogadores","link":"https:\/\/www.futebolinterior.com.br\/serie-b-sampaio-quita-vencimentos-do-mes-de-abril-e-dispensa-tres-jogadores\/","chapeu":"AJEITANDO A CASA!","data":"01\/07\/2015","imagem":"https:\/\/images.futebolinterior.com.br\/2021\/04\/0002050091936_img-300x225.jpg","resumo":"Dudu, Rog\u00e9rio e Robson Simpl\u00edcio foram os atletas liberados pela Bol\u00edvia Querida"},"636599":{"titulo":"S\u00e9rie B: Ex-Palmeiras e Cruzeiro, Robert \u00e9 regularizado e pode estrear pelo Vit\u00f3ria","link":"https:\/\/www.futebolinterior.com.br\/serie-b-ex-palmeiras-e-cruzeiro-robert-e-regularizado-e-pode-estrear-pelo-vitoria\/","chapeu":"VAI PRO JOGO?","data":"01\/07\/2015","imagem":"https:\/\/images.futebolinterior.com.br\/2021\/04\/0002050091935_img.jpg","resumo":"O Le\u00e3o precisa voltar a vencer para figurar novamente entre os primeiro quatro colocados"},"636609":{"titulo":"S\u00e9rie B: Juiz \"rouba\" gol de Ciro, mas al\u00edvio \u00e9 geral no Luverdense","link":"https:\/\/www.futebolinterior.com.br\/serie-b-juiz-rouba-gol-de-ciro-mas-alivio-e-geral-no-luverdense\/","chapeu":"TUDO MAIS TRANQUILO","data":"01\/07\/2015","imagem":"https:\/\/images.futebolinterior.com.br\/2021\/04\/0002050091927_img-300x200.jpg","resumo":"O atacante chegou a marcar em duas oportunidades, mas na s\u00famula a arbitragem deu o segundo gol erroneamente para Rafael Tavares"},"636612":{"titulo":"Roberval Davino analisa futebol brasileiro e v\u00ea diferen\u00e7as com a Argentina","link":"https:\/\/www.futebolinterior.com.br\/roberval-davino-analisa-futebol-brasileiro-e-ve-diferencas-com-a-argentina\/","chapeu":"ESTUDIOSO!","data":"01\/07\/2015","imagem":"https:\/\/images.futebolinterior.com.br\/2021\/04\/0002050091908_img-300x225.jpg","resumo":"Treinador quer mais compromisso dos atletas e espera mais profissionalismo dos dirigentes"},"636621":{"titulo":"S\u00e9rie B: Geninho revela contato do Cear\u00e1 e H\u00e9lio dos Anjos admite interesse","link":"https:\/\/www.futebolinterior.com.br\/serie-b-geninho-revela-contato-do-ceara-e-helio-dos-anjos-admite-interesse\/","chapeu":"QUEM CHEGA?","data":"01\/07\/2015","imagem":"https:\/\/images.futebolinterior.com.br\/2021\/04\/0002050091903_img-300x169.jpg","resumo":"O Voz\u00e3o est\u00e1 em situa\u00e7\u00e3o preocupando no torneio e precisa se reabilitar o quanto antes"},"636625":{"titulo":"S\u00e9rie B: De volta ao Santa Cruz, Grafite projeta estreia contra Botafogo. Confira o v\u00eddeo!","link":"https:\/\/www.futebolinterior.com.br\/serie-b-de-volta-ao-santa-cruz-grafite-projeta-estreia-contra-botafogo-confira-o-video\/","chapeu":"FALA MEU ATACANTE!","data":"01\/07\/2015","imagem":0,"resumo":"O jogador chegou nesta ter\u00e7a-feira e j\u00e1 falou na obriga\u00e7\u00e3o de conquistar o acesso com a camisa coral"},"636632":{"titulo":"L\u00edder, Dado Cavalcanti elogia Pap\u00e3o e prega respeito ao Bahia","link":"https:\/\/www.futebolinterior.com.br\/lider-dado-cavalcanti-elogia-papao-e-prega-respeito-ao-bahia\/","chapeu":"NA PONTA!","data":"01\/07\/2015","imagem":"https:\/\/images.futebolinterior.com.br\/2021\/04\/0002050091897_img.jpg","resumo":"Vit\u00f3ria fez o clube paraense superar o Botafogo. Agora, o Paysandu soma 22 pontos, dois a mais do que o rival carioca"},"636634":{"titulo":"Artilheiro das Flechadas, Fernando Ga\u00facho busca novo clube para esta temporada","link":"https:\/\/www.futebolinterior.com.br\/artilheiro-das-flechadas-fernando-gaucho-busca-novo-clube-para-esta-temporada\/","chapeu":"GOL CERTO!","data":"01\/07\/2015","imagem":"https:\/\/images.futebolinterior.com.br\/2021\/04\/0002050091895_img-300x211.jpg","resumo":"Atacante est\u00e1 livre no mercado desde que conquistou seu 11\u00ba acesso na carreira"},"636666":{"titulo":"De olho no G4 da S\u00e9rie B, Josa quer CRB ligado para vencer o Boa Esporte","link":"https:\/\/www.futebolinterior.com.br\/de-olho-no-g4-da-serie-b-josa-quer-crb-ligado-para-vencer-o-boa-esporte\/","chapeu":"ATEN\u00c7\u00c3O","data":"01\/07\/2015","imagem":"https:\/\/images.futebolinterior.com.br\/2021\/04\/0002050091864_img-300x224.jpg","resumo":"Volante da equipe alagoana espera os tr\u00eas pontos para embalar na competi\u00e7\u00e3o"},"636676":{"titulo":"Baiano, aquele mesmo, comemora 37 anos no Gama, jogando na S\u00e9rie D","link":"https:\/\/www.futebolinterior.com.br\/baiano-aquele-mesmo-comemora-37-anos-no-gama-jogando-na-serie-d\/","chapeu":"LEMBRA DELE?","data":"01\/07\/2015","imagem":"https:\/\/images.futebolinterior.com.br\/2021\/04\/0002050091857_img-300x145.jpg","resumo":"O volante e capit\u00e3o do Gama, Baiano, completou 37 anos no domingo"}}