{"619705":{"titulo":"S\u00e9rie B: Robert, ex-Goi\u00e1s, \u00e9 o novo refor\u00e7o do Bragantino","link":"https:\/\/www.futebolinterior.com.br\/serie-b-robert-ex-goias-e-o-novo-reforco-do-bragantino\/","chapeu":"MAIS UM!","data":"04\/09\/2015","imagem":"https:\/\/images.futebolinterior.com.br\/2021\/04\/0002050111270_img-300x141.jpg","resumo":"O jogador come\u00e7ou na base da equipe esmeraldina e s\u00f3 jogou em equipes goiana"},"619708":{"titulo":"S\u00e9rie B: Capit\u00e3o Gedeil completa 250 jogos pelo Maca\u00e9 diante do Luverdense","link":"https:\/\/www.futebolinterior.com.br\/serie-b-capitao-gedeil-completa-250-jogos-pelo-macae-diante-do-luverdense\/","chapeu":"\u00c9 \u00cdDOLO!","data":"04\/09\/2015","imagem":"https:\/\/images.futebolinterior.com.br\/2021\/04\/0002050111268_img-300x200.jpg","resumo":"Ojogador atingir\u00e1 a marca hist\u00f3ria nesta sexta-feira contra o LEC, \u00e0s 21h30, no Moacyrz\u00e3o"},"619739":{"titulo":"S\u00e9rie B: Bragantino contrata meia Rodrigo Maranh\u00e3o do Uni\u00e3o Barbarense","link":"https:\/\/www.futebolinterior.com.br\/serie-b-bragantino-contrata-meia-rodrigo-maranhao-do-uniao-barbarense\/","chapeu":"NOVO REFOR\u00c7O!","data":"04\/09\/2015","imagem":"https:\/\/images.futebolinterior.com.br\/2021\/04\/0002050111246_img-300x141.jpg","resumo":"Para a partida contra o Am\u00e9rica-MG, o t\u00e9cnico Wagner Lopes n\u00e3o poder\u00e1 contar com Alem\u00e3o e Wigor suspensos"},"619753":{"titulo":"S\u00e9rie B: Destaque do Boa Esporte, Cl\u00e9bson fica fora da partida contra Paysandu","link":"https:\/\/www.futebolinterior.com.br\/serie-b-destaque-do-boa-esporte-clebson-fica-fora-da-partida-contra-paysandu\/","chapeu":"XI...","data":"04\/09\/2015","imagem":"https:\/\/images.futebolinterior.com.br\/2021\/04\/0002050111241_img-300x200.jpg","resumo":"O jogador ter\u00e1 que cumprir suspens\u00e3o na rodada pelo terceiro cart\u00e3o amarelo"},"619755":{"titulo":"S\u00e9rie B: Paysandu conta com Valdivia para quebrar sequ\u00eancia negativa contra Boa Esporte","link":"https:\/\/www.futebolinterior.com.br\/serie-b-paysandu-conta-com-valdivia-para-quebrar-sequencia-negativa-contra-boa-esporte\/","chapeu":"VAI PRA CIMA!","data":"04\/09\/2015","imagem":"https:\/\/images.futebolinterior.com.br\/2021\/04\/0002050111240_img-300x179.jpg","resumo":"Leandro Cearense e Fernando Lombardi tamb\u00e9m aparecem como novidades para este s\u00e1bado"},"619759":{"titulo":"S\u00e9rie B: Am\u00e9rica-MG tem mudan\u00e7as para o confronto frente ao Bragantino","link":"https:\/\/www.futebolinterior.com.br\/serie-b-america-mg-tem-mudancas-para-o-confronto-frente-ao-bragantino\/","chapeu":"TUDO NOVO!","data":"04\/09\/2015","imagem":"https:\/\/images.futebolinterior.com.br\/2021\/04\/0002050111238_img-300x203.jpg","resumo":"O principal desfalque do Coelho \u00e9 o meia Mancini, que cumpre suspens\u00e3o na rodada"},"619762":{"titulo":"Lateral afastado no Coritiba, Noberto chega ao Vit\u00f3ria pensando no t\u00edtulo da S\u00e9rie B","link":"https:\/\/www.futebolinterior.com.br\/lateral-afastado-no-coritiba-noberto-chega-ao-vitoria-pensando-no-titulo-da-serie-b\/","chapeu":"CARA NOVA!","data":"04\/09\/2015","imagem":"https:\/\/images.futebolinterior.com.br\/2021\/04\/0002050111237_img-300x200.jpg","resumo":"Para a partida contra o Crici\u00fama, o t\u00e9cnico Vagner Mancini poder\u00e1 colocar um Le\u00e3o completamente diferente"},"619764":{"titulo":"S\u00e9rie B: Crici\u00fama tem volta do artilheiro Neto Baiano contra o favorito Vit\u00f3ria","link":"https:\/\/www.futebolinterior.com.br\/serie-b-criciuma-tem-volta-do-artilheiro-neto-baiano-contra-o-favorito-vitoria\/","chapeu":"VAI PRA CIMA!","data":"04\/09\/2015","imagem":"https:\/\/images.futebolinterior.com.br\/2021\/04\/0002050111236_img-300x200.jpg","resumo":"O t\u00e9cnico Petkovic est\u00e1 motivado e promete um time empenhado diante do Le\u00e3o"},"619785":{"titulo":"Maca\u00e9 x Luverdense - Jogo para afastar de vez qualquer perigo de Z4","link":"https:\/\/www.futebolinterior.com.br\/macae-x-luverdense-jogo-para-afastar-de-vez-qualquer-perigo-de-z4\/","chapeu":"X\u00d4, Z4!","data":"03\/09\/2015","imagem":"https:\/\/images.futebolinterior.com.br\/2021\/04\/0002050111188_img-300x203.jpg","resumo":"Longe do perigo da zona de rebaixamento, mas distante tamb\u00e9m da briga pelo acesso, os dois times ficam no meio da tabela sem muita pretens\u00e3o "},"619789":{"titulo":"S\u00e9rie B: Geovanne, ex-atacante de Guarani e S\u00e3o Caetano, deixa Mogi Mirim","link":"https:\/\/www.futebolinterior.com.br\/serie-b-geovanne-ex-atacante-de-guarani-e-sao-caetano-deixa-mogi-mirim\/","chapeu":"ADEUS...","data":"03\/09\/2015","imagem":"https:\/\/images.futebolinterior.com.br\/2021\/04\/0002050111191_img-300x289.jpg","resumo":"Jogador era artilheiro do time na segunda divis\u00e3o com quatro gols"}}