{"618508":{"titulo":"S\u00e9rie B: Renato Santos sente a coxa e pode virar desfalque no Maca\u00e9","link":"https:\/\/www.futebolinterior.com.br\/serie-b-renato-santos-sente-a-coxa-e-pode-virar-desfalque-no-macae\/","chapeu":"QUE FASE!","data":"09\/09\/2015","imagem":"https:\/\/images.futebolinterior.com.br\/2021\/04\/0002050112564_img-300x119.jpg","resumo":"Douglas Assis, Rafael Vieira e Thiago Cardoso tamb\u00e9m est\u00e3o vetados pelo departamento m\u00e9dico"},"618516":{"titulo":"S\u00e9rie B: Cear\u00e1 acerta com Eninho, \u00eddolo no futebol coreano","link":"https:\/\/www.futebolinterior.com.br\/serie-b-ceara-acerta-com-eninho-idolo-no-futebol-coreano\/","chapeu":"MAIS UM!","data":"09\/09\/2015","imagem":"https:\/\/images.futebolinterior.com.br\/2021\/04\/0002050112558_img-300x169.jpg","resumo":"O jogador \u00e9 aguardado ainda nesta quata-feira, em Fortaleza, para assinar contrato com o Voz\u00e3o"},"618521":{"titulo":"R\u00e1dios FI e Mogi fecham parceria para cobertura de time da S\u00e9rie B","link":"https:\/\/www.futebolinterior.com.br\/radios-fi-e-mogi-fecham-parceria-para-cobertura-de-time-da-serie-b\/","chapeu":"NOVA PARCERIA!","data":"09\/09\/2015","imagem":"https:\/\/images.futebolinterior.com.br\/2021\/04\/0002050112549_img-225x300.jpg","resumo":"R\u00e1dios FI e Mogi fecham parceria para cobertura de time da S\u00e9rie B"},"618535":{"titulo":"Com mais de 40 pontos, quarteto se isola e fica \"perto\" do acesso, confira as chances S\u00e9rie B","link":"https:\/\/www.futebolinterior.com.br\/com-mais-de-40-pontos-quarteto-se-isola-e-fica-perto-do-acesso-confira-as-chances-serie-b\/","chapeu":"QUASE L\u00c1?","data":"09\/09\/2015","imagem":"https:\/\/images.futebolinterior.com.br\/2021\/04\/0002050112546_img-300x157.jpg","resumo":"Botafogo, Paysandu, Bahia e Vit\u00f3ria tem mais de 60% de jogar \u00e0 elite do futebol brasileiro"},"618551":{"titulo":"S\u00e9rie B: Bahia apresenta ex-Palmeiras, cotado de ser substituto de Titi","link":"https:\/\/www.futebolinterior.com.br\/serie-b-bahia-apresenta-ex-palmeiras-cotado-de-ser-substituto-de-titi\/","chapeu":"ELE CHEGOU!","data":"09\/09\/2015","imagem":"https:\/\/images.futebolinterior.com.br\/2021\/04\/0002050112532_img-300x177.jpg","resumo":"O jogador assinou contrato com o Tricolor at\u00e9 o final de 2016"},"618544":{"titulo":"R\u00e1dio Futebol Interior destaca dois cl\u00e1ssicos do Brasileir\u00e3o nesta quarta-feira","link":"https:\/\/www.futebolinterior.com.br\/radio-futebol-interior-destaca-dois-classicos-do-brasileirao-nesta-quarta-feira\/","chapeu":"CL\u00c1SSICO \u00c9 AQUI!","data":"09\/09\/2015","imagem":"https:\/\/images.futebolinterior.com.br\/2021\/04\/0002050112538_img-300x167.jpg","resumo":"R\u00e1dio Futebol Interior destaca dois cl\u00e1ssicos do Brasileir\u00e3o nesta quarta-feira"},"618566":{"titulo":"S\u00e9rie B: N\u00e1utico acerta com Paulo Henrique, ex-lateral de Santos e Palmeiras","link":"https:\/\/www.futebolinterior.com.br\/serie-b-nautico-acerta-com-paulo-henrique-ex-lateral-de-santos-e-palmeiras\/","chapeu":"FECHADO!","data":"09\/09\/2015","imagem":"https:\/\/images.futebolinterior.com.br\/2021\/04\/0002050112522_img-300x197.jpg","resumo":"O jogador chegou no mesmo dia que Gilmas Dal Pozzo foi anunciado"},"618570":{"titulo":"S\u00e9rie B: Cotado no Atl\u00e9tico-PR, Wagner \u00e9 mais um a deixar o Mogi Mirim","link":"https:\/\/www.futebolinterior.com.br\/serie-b-cotado-no-atletico-pr-wagner-e-mais-um-a-deixar-o-mogi-mirim\/","chapeu":"MUDAN\u00c7A!","data":"09\/09\/2015","imagem":"https:\/\/images.futebolinterior.com.br\/2021\/04\/0002050112519_img-300x225.jpg","resumo":"O jogador j\u00e1 negociava com o Furac\u00e3o e a transa\u00e7\u00e3o deve ser confirmada nos pr\u00f3ximos dias"},"618578":{"titulo":"Placar FI agora tem lance a lance para deixar o torcedor ainda mais informado. CONFIRA!","link":"https:\/\/www.futebolinterior.com.br\/placar-fi-agora-tem-lance-a-lance-para-deixar-o-torcedor-ainda-mais-informado-confira\/","chapeu":"NOVIDADE","data":"09\/09\/2015","imagem":"https:\/\/images.futebolinterior.com.br\/2021\/04\/0002050112510_img-206x300.jpg","resumo":"O Placar FI \u00e9 o mais eficiente que traz TODOS os resultados do Brasil e do Mundo em tempo real"},"618606":{"titulo":"S\u00e9rie B: Santa Cruz anuncia contrata\u00e7\u00e3o de Vin\u00edcius Reche","link":"https:\/\/www.futebolinterior.com.br\/serie-b-santa-cruz-anuncia-contratacao-de-vinicius-reche\/","chapeu":"REFOR\u00c7O!","data":"09\/09\/2015","imagem":"https:\/\/images.futebolinterior.com.br\/2021\/04\/0002050112489_img.jpg","resumo":"O meia de 31 anos foi revelado pelo Palmeiras, em 2004. No Brasil, ainda teve passagens por Barueri, Mirassol, Vasco da Gama e Ituano."}}