{"618403":{"titulo":"Goi\u00e1s pode anunciar Juba, meia do Crici\u00fama, como refor\u00e7o para o Brasileir\u00e3o","link":"https:\/\/www.futebolinterior.com.br\/goias-pode-anunciar-juba-meia-do-criciuma-como-reforco-para-o-brasileirao\/","chapeu":"REFOR\u00c7O!","data":"09\/09\/2015","imagem":"https:\/\/images.futebolinterior.com.br\/2021\/04\/0002050112642_img-300x200.jpg","resumo":"O jogador j\u00e1 trabalhou com o t\u00e9cnico Julinho Camargo e foi indicado pelo treinador"},"618429":{"titulo":"Ex-Goleiro Bruno \u00e9 transferido de penitenci\u00e1ria, mas segue em regime fechado","link":"https:\/\/www.futebolinterior.com.br\/ex-goleiro-bruno-e-transferido-de-penitenciaria-mas-segue-em-regime-fechado\/","chapeu":"NO XADREZ!","data":"09\/09\/2015","imagem":"https:\/\/images.futebolinterior.com.br\/2021\/04\/0002050112613_img-300x258.jpg","resumo":"O ex-jogador do Flamengo ser\u00e1 realocado para a cidade de Santa Luzia, onde mora sua fam\u00edlia"},"618444":{"titulo":"S\u00e9rie B: Depois da vit\u00f3ria, Mogi Mirim sonha com recupera\u00e7\u00e3o","link":"https:\/\/www.futebolinterior.com.br\/serie-b-depois-da-vitoria-mogi-mirim-sonha-com-recuperacao\/","chapeu":"MAIS LEVE","data":"09\/09\/2015","imagem":"https:\/\/images.futebolinterior.com.br\/2021\/04\/0002050112603_img-300x200.jpg","resumo":"T\u00e9cnico e jogadores s\u00e3o un\u00e2nimes em dizer que o time est\u00e1 mais aliviado"},"618461":{"titulo":"S\u00e9rie B: Invicto h\u00e1 seis jogos, Paysandu tem arrancada espetacular sob o comando de Dado Cavalcanti","link":"https:\/\/www.futebolinterior.com.br\/serie-b-invicto-ha-seis-jogos-paysandu-tem-arrancada-espetacular-sob-o-comando-de-dado-cavalcanti\/","chapeu":"QUEM PARA O PAP\u00c3O?","data":"09\/09\/2015","imagem":"https:\/\/images.futebolinterior.com.br\/2021\/04\/0002050112592_img-300x188.jpg","resumo":"Gra\u00e7as a uma arrancada espestacular, os comandados de Dado Cavalcanti chegaram \u00e0 vice-lideran\u00e7a, na cola do Botafogo"},"618458":{"titulo":"R\u00e1dio Melodia de Varginha transmite Oeste X Boa Esporte","link":"https:\/\/www.futebolinterior.com.br\/radio-melodia-de-varginha-transmite-oeste-x-boa-esporte\/","chapeu":"OU\u00c7A A MELODIA!","data":"09\/09\/2015","imagem":"https:\/\/images.futebolinterior.com.br\/2021\/04\/0002050112593_img.jpg","resumo":"R\u00e1dio Melodia de Varginha transmite Oeste X Boa Esporte "},"618485":{"titulo":"S\u00e9rie B tem trio encaminhado ao rebaixamento e quatro brigando contra a \u00faltima vaga; Confira as chances","link":"https:\/\/www.futebolinterior.com.br\/serie-b-tem-trio-encaminhado-ao-rebaixamento-e-quatro-brigando-contra-a-ultima-vaga-confira-as-chances\/","chapeu":"FADADOS AO REBAIXAMENTO!","data":"09\/09\/2015","imagem":"https:\/\/images.futebolinterior.com.br\/2021\/04\/0002050112569_img-300x200.jpg","resumo":"Lanterna ABC tem mais de 90% de chances de cair e Mogi Mirim e Boa Esporte mais de 85%. Cear\u00e1, Atl\u00e9tico-GO, Maca\u00e9 e Oeste brigam para n\u00e3o ficar com a \u00faltima vaga"},"618463":{"titulo":"S\u00e9rie B: Tr\u00eas jogadores do Paysandu viajam para Curitiba para se juntar ao grupo","link":"https:\/\/www.futebolinterior.com.br\/serie-b-tres-jogadores-do-paysandu-viajam-para-curitiba-para-se-juntar-ao-grupo\/","chapeu":"REFOR\u00c7OS","data":"09\/09\/2015","imagem":"https:\/\/images.futebolinterior.com.br\/2021\/04\/0002050112591_img-190x300.jpg","resumo":". O zagueiro Gualberto e o meia Vald\u00edvia, que estavam lesionados, viajaram junto com o volante Fahel"},"618465":{"titulo":"R\u00e1dio Cultura de Joinville transmite cl\u00e1ssico catarinense nesta quinta-feira","link":"https:\/\/www.futebolinterior.com.br\/radio-cultura-de-joinville-transmite-classico-catarinense-nesta-quinta-feira\/","chapeu":"CL\u00c1SSICO \u00c9 AQUI!","data":"09\/09\/2015","imagem":"https:\/\/images.futebolinterior.com.br\/2021\/04\/0002050112588_img-300x298.jpg","resumo":"R\u00e1dio Cultura de Joinville transmite cl\u00e1ssico catarinense nesta quinta-feira"},"618469":{"titulo":"S\u00e9rie B: Confiante no t\u00edtulo, Pedro Ken exalta poder ofensivo do Vit\u00f3ria contra o Crici\u00fama","link":"https:\/\/www.futebolinterior.com.br\/serie-b-confiante-no-titulo-pedro-ken-exalta-poder-ofensivo-do-vitoria-contra-o-criciuma\/","chapeu":"TALISM\u00c3!","data":"09\/09\/2015","imagem":"https:\/\/images.futebolinterior.com.br\/2021\/04\/0002050112584_img-300x177.jpg","resumo":"Sem o volante, considerado pe\u00e7a importante no meio de campo do time, o desempenho do time cai drasticamente. S\u00e3o quatro derrotas, um empate e uma vit\u00f3ria sem ele"},"618479":{"titulo":"S\u00e9rie B: Marcos Assun\u00e7\u00e3o est\u00e1 finalmente liberado para jogar pelo Crici\u00fama","link":"https:\/\/www.futebolinterior.com.br\/serie-b-marcos-assuncao-esta-finalmente-liberado-para-jogar-pelo-criciuma\/","chapeu":"VAI ESTREAR","data":"09\/09\/2015","imagem":"https:\/\/images.futebolinterior.com.br\/2021\/04\/0002050112581_img-300x200.jpg","resumo":" A inscri\u00e7\u00e3o do jogador finalmente foi publicada na \u00faltima quarta-feira no Boletim Informativo Di\u00e1rio (BID) da CBF "}}