{"618202":{"titulo":"S\u00e9rie B: Diniz dispista, mas Paran\u00e1 ter\u00e1 novidades e for\u00e7a m\u00e1xima para tentar colar no G4","link":"https:\/\/www.futebolinterior.com.br\/serie-b-diniz-dispista-mas-parana-tera-novidades-e-forca-maxima-para-tentar-colar-no-g4\/","chapeu":"PRA CIMA!","data":"10\/09\/2015","imagem":"https:\/\/images.futebolinterior.com.br\/2021\/04\/0002050112865_img-300x200.jpg","resumo":"Ap\u00f3s o trope\u00e7o diante do Botafogo, o Paran\u00e1 s\u00f3 pensa na vit\u00f3ria diante do Paysandu nesta sexta-feira, \u00e0s 20h30,no est\u00e1dio Durival de Britto, pela 25\u00aa rodada da S\u00e9rie B. Para a part"},"618217":{"titulo":"S\u00e9rie B: Bahia contrata Jo\u00e3o Paulo, lateral da Ponte Preta","link":"https:\/\/www.futebolinterior.com.br\/serie-b-bahia-contrata-joao-paulo-lateral-da-ponte-preta\/","chapeu":"TROCA-TROCA!","data":"10\/09\/2015","imagem":"https:\/\/images.futebolinterior.com.br\/2021\/04\/0002050112859_img-300x153.jpg","resumo":"Ponte Preta e Bahia esquentaram o mercado nesta quinta-feira. Depois de o atacante Alexandro deixar o Tricolor e acertar com a Macaca, foi a vez do lateral esquerdo Jo\u00e3o Paulo "},"618210":{"titulo":"R\u00e1dio Futebol Interior transmite dois jogos do Brasileir\u00e3o nesta quinta-feira","link":"https:\/\/www.futebolinterior.com.br\/radio-futebol-interior-transmite-dois-jogos-do-brasileirao-nesta-quinta-feira\/","chapeu":"OU\u00c7A AQUI NA R\u00c1DIO FI!","data":"10\/09\/2015","imagem":"https:\/\/images.futebolinterior.com.br\/2021\/04\/0002050112857_img-300x275.jpg","resumo":"R\u00e1dio Futebol Interior transmite dois jogos do Brasileir\u00e3o nesta quinta-feira\r\n"},"618241":{"titulo":"S\u00e9rie B: Bahia ter\u00e1 retorno de Z\u00e9 Roberto para manter vaga no G4","link":"https:\/\/www.futebolinterior.com.br\/serie-b-bahia-tera-retorno-de-ze-roberto-para-manter-vaga-no-g4\/","chapeu":"VAI AJUDAR?","data":"10\/09\/2015","imagem":"https:\/\/images.futebolinterior.com.br\/2021\/04\/0002050112843_img-300x143.jpg","resumo":"Ap\u00f3s a vit\u00f3ria diante do Maca\u00e9 por 1 a 0, o Bahia j\u00e1 foca no duelo diante do Bragantino, nesta sexta-feira, \u00e0s 19 horas, na Arena Fonte Nova, pela 25\u00aa rodada da S\u00e9rie B. Para garan"},"618244":{"titulo":"EXCLUSIVO! Alan Mineiro, do Bragantino, acerta com o Corinthians para 2016","link":"https:\/\/www.futebolinterior.com.br\/exclusivo-alan-mineiro-do-bragantino-acerta-com-o-corinthians-para-2016\/","chapeu":"NOVIDADE","data":"10\/09\/2015","imagem":"https:\/\/images.futebolinterior.com.br\/2021\/04\/0002050112840_img-300x184.jpg","resumo":"A contrata\u00e7\u00e3o \u00e9 mais uma prova da forte parceria entre o time da capital e do interior"},"618282":{"titulo":"S\u00e9rie B: Jefferson retorna e Navarro vira d\u00favida no Botafogo para duelo com Mogi Mirim","link":"https:\/\/www.futebolinterior.com.br\/serie-b-jefferson-retorna-e-navarro-vira-duvida-no-botafogo-para-duelo-com-mogi-mirim\/","chapeu":"MUDAN\u00c7AS...","data":"10\/09\/2015","imagem":"https:\/\/images.futebolinterior.com.br\/2021\/04\/0002050112834_img-300x200.jpg","resumo":"O Botafogo tem um refor\u00e7o e uma baixa em seu elenco para o jogo contra o Mogi Mirim. Tratam-se de Jefferson, que est\u00e1 de volta da sele\u00e7\u00e3o, e de Navarro que n\u00e3o treinou"},"618299":{"titulo":"Atacante rescinde com o Bahia, acerta com a Ponte e j\u00e1 pode estrear no domingo","link":"https:\/\/www.futebolinterior.com.br\/atacante-rescinde-com-o-bahia-acerta-com-a-ponte-e-ja-pode-estrear-no-domingo\/","chapeu":"EXCLUSIVO!","data":"10\/09\/2015","imagem":"https:\/\/images.futebolinterior.com.br\/2021\/04\/0002050112803_img-300x169.jpg","resumo":"Alexandro chega para suprir a car\u00eancia de um \u2018homem gol\u2019 na Macaca"},"618319":{"titulo":"S\u00e9rie B: Mogi Mirim 'vende' mando contra o Botafogo e atuar\u00e1 no Esp\u00edrito Santo","link":"https:\/\/www.futebolinterior.com.br\/serie-b-mogi-mirim-vende-mando-contra-o-botafogo-e-atuara-no-espirito-santo\/","chapeu":"MAIS DIN DIN","data":"10\/09\/2015","imagem":"https:\/\/images.futebolinterior.com.br\/2021\/04\/0002050112784_img-300x199.jpg","resumo":"No \u00faltimo duelo disputado no Romild\u00e3o, apenas 278 pagantes acompanharam o empate entre Mogi e Oeste em zero a zero"},"618327":{"titulo":"PF identifica ex-jogador da Sele\u00e7\u00e3o Brasileira em fraude na Caixa","link":"https:\/\/www.futebolinterior.com.br\/pf-identifica-ex-jogador-da-selecao-brasileira-em-fraude-na-caixa\/","chapeu":"QUEM?","data":"10\/09\/2015","imagem":"https:\/\/images.futebolinterior.com.br\/2021\/04\/0002050112780_img-300x180.jpg","resumo":"A Pol\u00edcia Federal deflagrou na manh\u00e3 desta quinta-feira a Opera\u00e7\u00e3o Desventura para desarticular um grupo que teria fraudado o pagamento de loterias da Caixa Econ\u00f4mica Federal"},"618392":{"titulo":"S\u00e9rie B: Maca\u00e9 contrata zagueiro Frauches, encostado no Flamengo.","link":"https:\/\/www.futebolinterior.com.br\/serie-b-macae-contrata-zagueiro-frauches-encostado-no-flamengo\/","chapeu":"NOVIDADE...","data":"09\/09\/2015","imagem":"https:\/\/images.futebolinterior.com.br\/2021\/04\/0002050112656_img-300x193.jpg","resumo":"Jogador n\u00e3o vinha sendo aproveitado pelo t\u00e9cnico Oswaldo de Oliveira"}}