{"618095":{"titulo":"S\u00e9rie B: Bragantino vai com desfalque para a partida contra o Bahia","link":"https:\/\/www.futebolinterior.com.br\/serie-b-bragantino-vai-com-desfalque-para-a-partida-contra-o-bahia\/","chapeu":"PROBLEMA!","data":"10\/09\/2015","imagem":"https:\/\/images.futebolinterior.com.br\/2021\/04\/0002050112938_img-300x178.jpg","resumo":"Alan Mineiro, contratado pelo Corinthians, n\u00e3o poder\u00e1 ser utilizado por Wagner Lopes"},"618103":{"titulo":"S\u00c9RIE B: Botafogo e Paysandu brigam pela lideran\u00e7a na abertura da 25\u00aa rodada","link":"https:\/\/www.futebolinterior.com.br\/serie-b-botafogo-e-paysandu-brigam-pela-lideranca-na-abertura-da-25a-rodada\/","chapeu":"QUEM ","data":"10\/09\/2015","imagem":"https:\/\/images.futebolinterior.com.br\/2021\/04\/0002050112933_img-300x169.jpg","resumo":"O Fog\u00e3o \u00e9 o atual l\u00edder e tem dois pontos de vantagem do Pap\u00e3o, que est\u00e1 bem de olho"},"618120":{"titulo":"Paran\u00e1 x Paysandu - Tricolor busca reabilita\u00e7\u00e3o; Pap\u00e3o quer a lideran\u00e7a","link":"https:\/\/www.futebolinterior.com.br\/parana-x-paysandu-tricolor-busca-reabilitacao-papao-quer-a-lideranca\/","chapeu":"BRIGA BOA","data":"10\/09\/2015","imagem":"https:\/\/images.futebolinterior.com.br\/2021\/04\/0002050112924_img-300x200.jpg","resumo":"No Durival de Brito, os dois times prometem serem ofensivos e buscar os tr\u00eas pontos"},"618146":{"titulo":"S\u00e9rie B: Boa Esporte anuncia contrata\u00e7\u00e3o de Wilson J\u00fanior, que viaja para o duelo com o Oeste","link":"https:\/\/www.futebolinterior.com.br\/serie-b-boa-esporte-anuncia-contratacao-de-wilson-junior-que-viaja-para-o-duelo-com-o-oeste\/","chapeu":"SEM MOLEZA!","data":"10\/09\/2015","imagem":"https:\/\/images.futebolinterior.com.br\/2021\/04\/0002050112909_img.jpg","resumo":"O atacante, que veio do Red Bul e foi anunciado ainda nesta quinta-feira, viaja com o grupo para Osasco, onde o BEC enfrenta o Oeste nesta sexta \u00e0 noite"},"618152":{"titulo":"CBF divulga pesquisa que mostra prefer\u00eancia dos brasileiros por jogos mais cedo","link":"https:\/\/www.futebolinterior.com.br\/cbf-divulga-pesquisa-que-mostra-preferencia-dos-brasileiros-por-jogos-mais-cedo\/","chapeu":"SUCESSO DE P\u00daBLICO!","data":"10\/09\/2015","imagem":"https:\/\/images.futebolinterior.com.br\/2021\/04\/0002050112934_img-300x169.jpg","resumo":"Um total de 37% do entrevistados afirmou que frequentaria mais os est\u00e1dios se os jogos n\u00e3o fosse marcados em hor\u00e1rios t\u00e3o tarde"},"618207":{"titulo":"Cristian d\u00e1 \u2018bal\u00e3o\u2019 no Sampaio Corr\u00eaa e acerta com a Ponte Preta","link":"https:\/\/www.futebolinterior.com.br\/cristian-da-balao-no-sampaio-correa-e-acerta-com-a-ponte-preta\/","chapeu":"SURPRESA","data":"10\/09\/2015","imagem":"https:\/\/images.futebolinterior.com.br\/2021\/04\/0002050112862_img-300x241.jpg","resumo":"Cristian d\u00e1 \u2018bal\u00e3o\u2019 no Sampaio Corr\u00eaa e deve acertar com a Ponte Preta"},"618160":{"titulo":"S\u00e9rie B: Sonhando em deixar o Z4, Mogi Mirim acerta com Val Barreto, do Remo","link":"https:\/\/www.futebolinterior.com.br\/serie-b-sonhando-em-deixar-o-z4-mogi-mirim-acerta-com-val-barreto-do-remo\/","chapeu":"NOVO ATACANTE!","data":"10\/09\/2015","imagem":"https:\/\/images.futebolinterior.com.br\/2021\/04\/0002050112900_img-300x157.jpg","resumo":"O atacante acertou a rescis\u00e3o de maneira amig\u00e1vel com a diretoria do clube paraense e viaja nesta sexta-feira para assinar o contrato com o Sap\u00e3o"},"618162":{"titulo":"S\u00e9rie B: Oeste repete escala\u00e7\u00e3o e busca vit\u00f3ria em casa para se afastar do Z4","link":"https:\/\/www.futebolinterior.com.br\/serie-b-oeste-repete-escalacao-e-busca-vitoria-em-casa-para-se-afastar-do-z4\/","chapeu":"AGORA VAI?","data":"10\/09\/2015","imagem":"https:\/\/images.futebolinterior.com.br\/2021\/04\/0002050112897_img-300x172.jpg","resumo":"Sem vencer h\u00e1 oito partidas, com cinco empates e tr\u00eas derrotas, o Oeste viu a zona do rebaixamento da S\u00e9rie B se aproximar. Para n\u00e3o terminar a 25\u00aa rodada apenas um ponto \u00e0 frente "},"618178":{"titulo":"S\u00e9rie B: Maca\u00e9 contrata Frauches, zagueiro do Flamengo","link":"https:\/\/www.futebolinterior.com.br\/serie-b-macae-contrata-frauches-zagueiro-do-flamengo\/","chapeu":"DA ELITE!","data":"10\/09\/2015","imagem":"https:\/\/images.futebolinterior.com.br\/2021\/04\/0002050112890_img-300x146.jpg","resumo":"O Maca\u00e9 anunciou nesta quinta-feira a contrata\u00e7\u00e3o do zagueiro Frauches. O jogador de 22 anos foi contratado por empr\u00e9stimo junto ao Flamengo. O v\u00ednculo com o atleta ser\u00e1 at\u00e9 o fina"},"618182":{"titulo":"S\u00e9rie B: Paysandu perde Valdivia, mas ter\u00e1 volta de Gualberto e Fahel","link":"https:\/\/www.futebolinterior.com.br\/serie-b-paysandu-perde-valdivia-mas-tera-volta-de-gualberto-e-fahel\/","chapeu":"MUDAN\u00c7AS...","data":"10\/09\/2015","imagem":"https:\/\/images.futebolinterior.com.br\/2021\/04\/0002050112885_img-300x188.jpg","resumo":"Sem perder h\u00e1 seis jogos, com cinco vit\u00f3rias e um empate, o Paysandu espera aproveitar a boa fase para assumir a lideran\u00e7a da S\u00e9rie B. Para o duelo diante do Paran\u00e1 nesta"}}